{"id":8564,"date":"2018-07-01T11:36:25","date_gmt":"2018-07-01T14:36:25","guid":{"rendered":"https:\/\/blogs.correiobraziliense.com.br\/vicente\/?p=8564"},"modified":"2018-07-01T16:00:53","modified_gmt":"2018-07-01T19:00:53","slug":"haddad-cada-vez-mais-candidato-do-pt-presidencia-da-republica","status":"publish","type":"post","link":"https:\/\/blogs.correiobraziliense.com.br\/vicente\/haddad-cada-vez-mais-candidato-do-pt-presidencia-da-republica\/","title":{"rendered":"Haddad cada vez mais candidato do PT \u00e0 Presid\u00eancia da Rep\u00fablica"},"content":{"rendered":"<h2>Todos os movimentos do PT e do ex-presidente Lula, que, mesmo preso, continua dando as cartas no partido, indicam que o ex-prefeito de S\u00e3o Paulo Fernando Haddad ser\u00e1 mesmo o candidato da legenda \u00e0 Presid\u00eancia da Rep\u00fablica. O martelo est\u00e1 praticamente batido, mas a oficializa\u00e7\u00e3o da candidatura s\u00f3 ser\u00e1 feita depois de o Tribunal Superior Eleitoral (TSE) declarar Lula ineleg\u00edvel.<\/h2>\n<p>&nbsp;<\/p>\n<p>Lula est\u00e1 cada vez mais pr\u00f3ximo de Haddad e j\u00e1 detalhou a ele todo o seu plano. N\u00e3o por acaso, o ex-presidente decidiu que Haddad passar\u00e1 a integrar a equipe de advogados que ir\u00e1 represent\u00e1-lo junto ao TSE. Como se sabe, o ex-prefeito \u00e9 bacharel em Direito pela Universidade de S\u00e3o Paulo (USP).<\/p>\n<p>&nbsp;<\/p>\n<p>Levantamentos internos do PT indicam que o nome de Haddad seria o mais palat\u00e1vel neste momento de grande radicaliza\u00e7\u00e3o. O ex-prefeito \u00e9 visto como um grande conciliador, inclusive com \u00f3timo tr\u00e2nsito na ala do PSDB liderada pelo ex-presidente Fernando Henrique Cardoso. H\u00e1 quem fale, inclusive, que PT e PSDB est\u00e3o fechados, atuando nos bastidores por um grande acord\u00e3o pol\u00edtico.<\/p>\n<p>&nbsp;<\/p>\n<p>Para fortalecer Haddad e sinalizar que ele ser\u00e1 o candidato do PT, Lula tamb\u00e9m escolheu o pupilo para ser o interlocutor do partido junto \u00e0s For\u00e7as Armadas. Foi Haddad quem conversou com o general Eduardo Villas B\u00f4as dentro da proposta dos militares de ouvirem os pr\u00e9-candidatos. Teoricamente, esse papel caberia a Jaques Wagner, ex-ministro da Defesa e que circula muito bem na caserna.<\/p>\n<p>&nbsp;<\/p>\n<p>H\u00e1 pressa dentro do PT para que o candidato do partido ao Pal\u00e1cio do Planalto seja definido logo, uma vez que os pr\u00e9-candidatos est\u00e3o mostrando a cara todos os dias. Mas os petistas reconhecem que n\u00e3o podem jogar Lula aos le\u00f5es, uma vez que, at\u00e9 o posicionamento oficial do TSE, ele ser\u00e1 o candidato oficial \u00e0 Presid\u00eancia da Rep\u00fablica.<\/p>\n<p>&nbsp;<\/p>\n<p>O PT aposta tudo na for\u00e7a de Lula para transferir votos a Haddad. Em todas as pesquisas de inten\u00e7\u00e3o de votos, Lula aparece na lideran\u00e7a quando citado. O partido tamb\u00e9m acredita que Haddad atrair\u00e1 a aten\u00e7\u00e3o dos eleitores que dizem que anular\u00e3o os votos ou votar\u00e3o em branco.<\/p>\n<p>&nbsp;<\/p>\n<p><em>Bras\u00edlia, 11h36min<\/em><\/p>\n","protected":false},"excerpt":{"rendered":"<p>Todos os movimentos do PT e do ex-presidente Lula, que, mesmo preso, continua dando as cartas no partido, indicam que o ex-prefeito de S\u00e3o Paulo Fernando Haddad ser\u00e1 mesmo o candidato da legenda \u00e0 Presid\u00eancia da Rep\u00fablica. O martelo est\u00e1 praticamente batido, mas a oficializa\u00e7\u00e3o da candidatura s\u00f3 ser\u00e1 feita depois de o Tribunal Superior [&hellip;]<\/p>\n","protected":false},"author":22,"featured_media":0,"comment_status":"open","ping_status":"closed","sticky":false,"template":"","format":"standard","meta":{"footnotes":""},"categories":[600],"tags":[3028,665,3498,23,92,422],"class_list":["post-8564","post","type-post","status-publish","format-standard","hentry","category-economia","tag-candidato","tag-eleicoes","tag-hadda","tag-lula","tag-presidencia","tag-pt"],"_links":{"self":[{"href":"https:\/\/blogs.correiobraziliense.com.br\/vicente\/wp-json\/wp\/v2\/posts\/8564","targetHints":{"allow":["GET"]}}],"collection":[{"href":"https:\/\/blogs.correiobraziliense.com.br\/vicente\/wp-json\/wp\/v2\/posts"}],"about":[{"href":"https:\/\/blogs.correiobraziliense.com.br\/vicente\/wp-json\/wp\/v2\/types\/post"}],"author":[{"embeddable":true,"href":"https:\/\/blogs.correiobraziliense.com.br\/vicente\/wp-json\/wp\/v2\/users\/22"}],"replies":[{"embeddable":true,"href":"https:\/\/blogs.correiobraziliense.com.br\/vicente\/wp-json\/wp\/v2\/comments?post=8564"}],"version-history":[{"count":1,"href":"https:\/\/blogs.correiobraziliense.com.br\/vicente\/wp-json\/wp\/v2\/posts\/8564\/revisions"}],"predecessor-version":[{"id":8565,"href":"https:\/\/blogs.correiobraziliense.com.br\/vicente\/wp-json\/wp\/v2\/posts\/8564\/revisions\/8565"}],"wp:attachment":[{"href":"https:\/\/blogs.correiobraziliense.com.br\/vicente\/wp-json\/wp\/v2\/media?parent=8564"}],"wp:term":[{"taxonomy":"category","embeddable":true,"href":"https:\/\/blogs.correiobraziliense.com.br\/vicente\/wp-json\/wp\/v2\/categories?post=8564"},{"taxonomy":"post_tag","embeddable":true,"href":"https:\/\/blogs.correiobraziliense.com.br\/vicente\/wp-json\/wp\/v2\/tags?post=8564"}],"curies":[{"name":"wp","href":"https:\/\/api.w.org\/{rel}","templated":true}]}}