{"id":8557,"date":"2018-06-29T15:15:06","date_gmt":"2018-06-29T18:15:06","guid":{"rendered":"https:\/\/blogs.correiobraziliense.com.br\/vicente\/?p=8557"},"modified":"2018-06-29T16:11:35","modified_gmt":"2018-06-29T19:11:35","slug":"setor-publico-respondeu-por-metade-da-queda-do-desemprego-diz-ibge","status":"publish","type":"post","link":"https:\/\/blogs.correiobraziliense.com.br\/vicente\/setor-publico-respondeu-por-metade-da-queda-do-desemprego-diz-ibge\/","title":{"rendered":"Setor p\u00fablico respondeu por metade da queda do desemprego, diz IBGE"},"content":{"rendered":"<h2>Dados divulgados nesta sexta-feira (29\/06) pelo Instituto Brasileiro de Geografia e Estat\u00edstica (IBGE) mostram que o setor p\u00fablico foi respons\u00e1vel por metade da queda do desemprego quando comparado o trimestre compreendido entre mar\u00e7o e maio deste ano com o mesmo per\u00edodo de 2017.<\/h2>\n<h2><\/h2>\n<p>Entre mar\u00e7o e maio de 2018, o setor p\u00fablico empregou mais 319 mil pessoas em todo o pa\u00eds, elevando em 2,9% o total de servidores registrados no mesmo per\u00edodo do ano passado, segundo o IBGE. J\u00e1 o total de desempregados, na mesma base de compara\u00e7\u00e3o, caiu de 13,8 milh\u00f5es para 13,2 milh\u00f5es. A taxa de desemprego recuou de 13,3% para 12,7%.<\/p>\n<p>&nbsp;<\/p>\n<p>Na avalia\u00e7\u00e3o de especialistas, Uni\u00e3o e, sobretudo, estados e munic\u00edpios aceleraram o passo nas contrata\u00e7\u00f5es por causa das restri\u00e7\u00f5es eleitorais. Por lei, Executivo e Legislativo n\u00e3o podem nomear servidores tr\u00eas meses antes das elei\u00e7\u00f5es e at\u00e9 a posse do novo presidente da Rep\u00fablica.<\/p>\n<p>&nbsp;<\/p>\n<p>Assim, os governos aproveitaram para chamar muita gente que havia sido aprovada em concursos. Isso est\u00e1 acontecendo, por exemplo, no Distrito Federal, que vem nomeando especialmente para a \u00e1rea de sa\u00fade. Tamb\u00e9m houve nomea\u00e7\u00f5es por parte do Judici\u00e1rio e de empresas p\u00fablicas, que est\u00e3o fora das restri\u00e7\u00f5es eleitorais.<\/p>\n<p>&nbsp;<\/p>\n<p>Para economistas, os governos deveriam ter mais cuidado antes de ampliarem o quadro de contratados, uma vez que o setor p\u00fablico j\u00e1 est\u00e1 inchado. A Uni\u00e3o deve encerrar 2018 com rombo de at\u00e9 R$ 159 bilh\u00f5es no caixa e estados e munic\u00edpios est\u00e3o, em grande maioria, no vermelho, sem recursos, inclusive, para pagar sal\u00e1rios. No total, o Brasil tem 11,5 milh\u00f5es de trabalhadores no setor p\u00fablico.<\/p>\n<p>&nbsp;<\/p>\n<p><strong>N\u00fameros de arrepiar<\/strong><\/p>\n<p>&nbsp;<\/p>\n<p>Os dados do desemprego est\u00e3o terr\u00edveis. Segundo o IBGE, o\u00a0n\u00edvel de ocupa\u00e7\u00e3o no pa\u00eds entre mar\u00e7o e maio, de 53,6%, sofreu queda de 0,3 ponto percentual frente ao trimestre imediatamente anterior (53,9%). No mesmo per\u00edodo, o\u00a0n\u00famero de empregados com carteira de trabalho assinada (32,8 milh\u00f5es) caiu 1,1%. No confronto com o trimestre de mar\u00e7o a maio de 2017, a queda foi de 1,5% (-483 mil pessoas).<\/p>\n<p>&nbsp;<\/p>\n<p><em>Bras\u00edlia, 15h15min<\/em><\/p>\n","protected":false},"excerpt":{"rendered":"<p>Dados divulgados nesta sexta-feira (29\/06) pelo Instituto Brasileiro de Geografia e Estat\u00edstica (IBGE) mostram que o setor p\u00fablico foi respons\u00e1vel por metade da queda do desemprego quando comparado o trimestre compreendido entre mar\u00e7o e maio deste ano com o mesmo per\u00edodo de 2017. Entre mar\u00e7o e maio de 2018, o setor p\u00fablico empregou mais 319 [&hellip;]<\/p>\n","protected":false},"author":22,"featured_media":0,"comment_status":"open","ping_status":"closed","sticky":false,"template":"","format":"standard","meta":{"footnotes":""},"categories":[600],"tags":[71,391,688,123,830],"class_list":["post-8557","post","type-post","status-publish","format-standard","hentry","category-economia","tag-desemprego","tag-ibge","tag-nomeacoes","tag-servidores","tag-setor-publico"],"_links":{"self":[{"href":"https:\/\/blogs.correiobraziliense.com.br\/vicente\/wp-json\/wp\/v2\/posts\/8557","targetHints":{"allow":["GET"]}}],"collection":[{"href":"https:\/\/blogs.correiobraziliense.com.br\/vicente\/wp-json\/wp\/v2\/posts"}],"about":[{"href":"https:\/\/blogs.correiobraziliense.com.br\/vicente\/wp-json\/wp\/v2\/types\/post"}],"author":[{"embeddable":true,"href":"https:\/\/blogs.correiobraziliense.com.br\/vicente\/wp-json\/wp\/v2\/users\/22"}],"replies":[{"embeddable":true,"href":"https:\/\/blogs.correiobraziliense.com.br\/vicente\/wp-json\/wp\/v2\/comments?post=8557"}],"version-history":[{"count":1,"href":"https:\/\/blogs.correiobraziliense.com.br\/vicente\/wp-json\/wp\/v2\/posts\/8557\/revisions"}],"predecessor-version":[{"id":8558,"href":"https:\/\/blogs.correiobraziliense.com.br\/vicente\/wp-json\/wp\/v2\/posts\/8557\/revisions\/8558"}],"wp:attachment":[{"href":"https:\/\/blogs.correiobraziliense.com.br\/vicente\/wp-json\/wp\/v2\/media?parent=8557"}],"wp:term":[{"taxonomy":"category","embeddable":true,"href":"https:\/\/blogs.correiobraziliense.com.br\/vicente\/wp-json\/wp\/v2\/categories?post=8557"},{"taxonomy":"post_tag","embeddable":true,"href":"https:\/\/blogs.correiobraziliense.com.br\/vicente\/wp-json\/wp\/v2\/tags?post=8557"}],"curies":[{"name":"wp","href":"https:\/\/api.w.org\/{rel}","templated":true}]}}