{"id":8531,"date":"2018-06-27T09:05:33","date_gmt":"2018-06-27T12:05:33","guid":{"rendered":"https:\/\/blogs.correiobraziliense.com.br\/vicente\/?p=8531"},"modified":"2018-06-27T18:11:18","modified_gmt":"2018-06-27T21:11:18","slug":"governo-federal-reservara-30-das-vagas-de-estagios-para-negros","status":"publish","type":"post","link":"https:\/\/blogs.correiobraziliense.com.br\/vicente\/governo-federal-reservara-30-das-vagas-de-estagios-para-negros\/","title":{"rendered":"Governo federal reservar\u00e1 30% das vagas de est\u00e1gios para negros"},"content":{"rendered":"<h2>RODOLFO COSTA<\/h2>\n<h2><\/h2>\n<h2>O presidente Michel Temer assinar\u00e1 na manh\u00e3 desta quinta-feira (28\/06) um decreto que reservar\u00e1 30% de vagas em processos seletivos para estagi\u00e1rios no setor p\u00fablico para estudantes negros.<\/h2>\n<p>&nbsp;<\/p>\n<p>A medida foi costurada por Temer com o ministro dos Direitos Humanos, Gustavo Rocha. Os dois se encontraram nesta quarta-feira (27\/06) para selar os termos finais para a edi\u00e7\u00e3o do decreto.<\/p>\n<p>&nbsp;<\/p>\n<p>O governo entende que assegurar uma cota para negros nos est\u00e1gios \u00e9 uma medida importante para o primeiro emprego de um jovem. Sobretudo para posicion\u00e1-los em condi\u00e7\u00f5es de igualdade com outros estudantes. A reserva de mercado ser\u00e1 v\u00e1lida para o setor p\u00fablico federal, o autarquias.<\/p>\n<p>&nbsp;<\/p>\n<p>Estar\u00e3o aptos a concorrer \u00e0s cotas candidatos negros que se autodeclararem pretos ou pardos durante a inscri\u00e7\u00e3o no processo seletivo, segundo quesito estabelecido pelo Instituto Brasileiro de Geografia e Estat\u00edstica (IBGE).<\/p>\n<p>&nbsp;<\/p>\n<p><em>Bras\u00edlia, 09h05min<\/em><\/p>\n","protected":false},"excerpt":{"rendered":"<p>RODOLFO COSTA O presidente Michel Temer assinar\u00e1 na manh\u00e3 desta quinta-feira (28\/06) um decreto que reservar\u00e1 30% de vagas em processos seletivos para estagi\u00e1rios no setor p\u00fablico para estudantes negros. &nbsp; A medida foi costurada por Temer com o ministro dos Direitos Humanos, Gustavo Rocha. Os dois se encontraram nesta quarta-feira (27\/06) para selar os [&hellip;]<\/p>\n","protected":false},"author":22,"featured_media":0,"comment_status":"open","ping_status":"closed","sticky":false,"template":"","format":"standard","meta":{"footnotes":""},"categories":[600],"tags":[],"class_list":["post-8531","post","type-post","status-publish","format-standard","hentry","category-economia"],"_links":{"self":[{"href":"https:\/\/blogs.correiobraziliense.com.br\/vicente\/wp-json\/wp\/v2\/posts\/8531","targetHints":{"allow":["GET"]}}],"collection":[{"href":"https:\/\/blogs.correiobraziliense.com.br\/vicente\/wp-json\/wp\/v2\/posts"}],"about":[{"href":"https:\/\/blogs.correiobraziliense.com.br\/vicente\/wp-json\/wp\/v2\/types\/post"}],"author":[{"embeddable":true,"href":"https:\/\/blogs.correiobraziliense.com.br\/vicente\/wp-json\/wp\/v2\/users\/22"}],"replies":[{"embeddable":true,"href":"https:\/\/blogs.correiobraziliense.com.br\/vicente\/wp-json\/wp\/v2\/comments?post=8531"}],"version-history":[{"count":1,"href":"https:\/\/blogs.correiobraziliense.com.br\/vicente\/wp-json\/wp\/v2\/posts\/8531\/revisions"}],"predecessor-version":[{"id":8532,"href":"https:\/\/blogs.correiobraziliense.com.br\/vicente\/wp-json\/wp\/v2\/posts\/8531\/revisions\/8532"}],"wp:attachment":[{"href":"https:\/\/blogs.correiobraziliense.com.br\/vicente\/wp-json\/wp\/v2\/media?parent=8531"}],"wp:term":[{"taxonomy":"category","embeddable":true,"href":"https:\/\/blogs.correiobraziliense.com.br\/vicente\/wp-json\/wp\/v2\/categories?post=8531"},{"taxonomy":"post_tag","embeddable":true,"href":"https:\/\/blogs.correiobraziliense.com.br\/vicente\/wp-json\/wp\/v2\/tags?post=8531"}],"curies":[{"name":"wp","href":"https:\/\/api.w.org\/{rel}","templated":true}]}}