{"id":8529,"date":"2018-06-26T19:50:08","date_gmt":"2018-06-26T22:50:08","guid":{"rendered":"https:\/\/blogs.correiobraziliense.com.br\/vicente\/?p=8529"},"modified":"2018-06-26T19:58:27","modified_gmt":"2018-06-26T22:58:27","slug":"depois-de-denuncia-do-correio-iphan-muda-edital-de-concurso","status":"publish","type":"post","link":"https:\/\/blogs.correiobraziliense.com.br\/vicente\/depois-de-denuncia-do-correio-iphan-muda-edital-de-concurso\/","title":{"rendered":"Depois de den\u00fancia do Correio, Iphan muda edital de concurso"},"content":{"rendered":"<h2>INGRID SOARES<\/h2>\n<h2><\/h2>\n<h2>O Instituto do Patrim\u00f4nio Hist\u00f3rico e Art\u00edstico Nacional (Iphan) retificou, pela segunda vez, o edital do concurso da pasta. A atualiza\u00e7\u00e3o foi publicada no Di\u00e1rio Oficial da Uni\u00e3o (DOU) desta ter\u00e7a-feira\u00a0(26\/06). O Correio\u00a0informou no \u00faltimo dia 23 que servidores do \u00f3rg\u00e3o apontavam irregularidades no processo seletivo, uma vez que, para algumas \u00e1reas de atua\u00e7\u00e3o, as exig\u00eancias que constavam do edital eram superiores \u00e0s estabelecidas em lei.<\/h2>\n<p>&nbsp;<\/p>\n<p>A banca organizadora, o Centro de Sele\u00e7\u00e3o e Produ\u00e7\u00e3o de Eventos (Cebraspe), afirmou que o intuito das exig\u00eancias de diplomas de p\u00f3s-gradua\u00e7\u00e3o era o de atender a uma gama maior de candidatos. No entanto, servidores da institui\u00e7\u00e3o afirmaram que o objetivo era favorecer empregados admitidos sob regime de contrata\u00e7\u00e3o tempor\u00e1ria.<\/p>\n<p>&nbsp;<\/p>\n<p>Os requisitos para assumir o cargo de t\u00e9cnico n\u00edvel 1, por exemplo, eram de gradua\u00e7\u00e3o de n\u00edvel superior ou, se o diploma for de outra \u00e1rea de atua\u00e7\u00e3o, uma p\u00f3s-gradua\u00e7\u00e3o strictu sensu em antropologia. No entanto, a lei prev\u00ea apenas o diploma de ensino superior para esse tipo de cargo, n\u00e3o podendo ser exigida a p\u00f3s-gradua\u00e7\u00e3o.<\/p>\n<p>&nbsp;<\/p>\n<p>Entre as mudan\u00e7as que constam no edital, est\u00e3o os requisitos para o preenchimento das vagas. \u00c1reas que antes exigiam gradua\u00e7\u00e3o espec\u00edfica, como Comunica\u00e7\u00e3o Social, Jornalismo ou Rela\u00e7\u00f5es P\u00fablicas, agora pedem n\u00edvel superior em qualquer \u00e1rea e as \u00e1reas de analista tem como requisito gradua\u00e7\u00e3o em qualquer especialidade. As inscri\u00e7\u00f5es come\u00e7aram no dia 18\/3 e v\u00e3o at\u00e9 o dia 9 de julho.<\/p>\n<p>&nbsp;<\/p>\n<p>De acordo com dados obtidos com exclusividade pelo <strong>Correio<\/strong>, o Iphan tinha, em 2017, aproximadamente 147 funcion\u00e1rios tempor\u00e1rios, cujo v\u00ednculo de trabalho ser\u00e1 extinto em 2019. Desses, 77 possuem mestrado, 10 doutorado e 11 t\u00eam, al\u00e9m da gradua\u00e7\u00e3o, o diploma de especializa\u00e7\u00e3o. Dessa forma, 98 cargos tempor\u00e1rios que se encaixariam nos requisitos do antigo edital.<\/p>\n<p>&nbsp;<\/p>\n<p><em>Bras\u00edlia, 19h50min<\/em><\/p>\n","protected":false},"excerpt":{"rendered":"<p>INGRID SOARES O Instituto do Patrim\u00f4nio Hist\u00f3rico e Art\u00edstico Nacional (Iphan) retificou, pela segunda vez, o edital do concurso da pasta. A atualiza\u00e7\u00e3o foi publicada no Di\u00e1rio Oficial da Uni\u00e3o (DOU) desta ter\u00e7a-feira\u00a0(26\/06). O Correio\u00a0informou no \u00faltimo dia 23 que servidores do \u00f3rg\u00e3o apontavam irregularidades no processo seletivo, uma vez que, para algumas \u00e1reas de [&hellip;]<\/p>\n","protected":false},"author":22,"featured_media":0,"comment_status":"open","ping_status":"closed","sticky":false,"template":"","format":"standard","meta":{"footnotes":""},"categories":[600],"tags":[],"class_list":["post-8529","post","type-post","status-publish","format-standard","hentry","category-economia"],"_links":{"self":[{"href":"https:\/\/blogs.correiobraziliense.com.br\/vicente\/wp-json\/wp\/v2\/posts\/8529","targetHints":{"allow":["GET"]}}],"collection":[{"href":"https:\/\/blogs.correiobraziliense.com.br\/vicente\/wp-json\/wp\/v2\/posts"}],"about":[{"href":"https:\/\/blogs.correiobraziliense.com.br\/vicente\/wp-json\/wp\/v2\/types\/post"}],"author":[{"embeddable":true,"href":"https:\/\/blogs.correiobraziliense.com.br\/vicente\/wp-json\/wp\/v2\/users\/22"}],"replies":[{"embeddable":true,"href":"https:\/\/blogs.correiobraziliense.com.br\/vicente\/wp-json\/wp\/v2\/comments?post=8529"}],"version-history":[{"count":1,"href":"https:\/\/blogs.correiobraziliense.com.br\/vicente\/wp-json\/wp\/v2\/posts\/8529\/revisions"}],"predecessor-version":[{"id":8530,"href":"https:\/\/blogs.correiobraziliense.com.br\/vicente\/wp-json\/wp\/v2\/posts\/8529\/revisions\/8530"}],"wp:attachment":[{"href":"https:\/\/blogs.correiobraziliense.com.br\/vicente\/wp-json\/wp\/v2\/media?parent=8529"}],"wp:term":[{"taxonomy":"category","embeddable":true,"href":"https:\/\/blogs.correiobraziliense.com.br\/vicente\/wp-json\/wp\/v2\/categories?post=8529"},{"taxonomy":"post_tag","embeddable":true,"href":"https:\/\/blogs.correiobraziliense.com.br\/vicente\/wp-json\/wp\/v2\/tags?post=8529"}],"curies":[{"name":"wp","href":"https:\/\/api.w.org\/{rel}","templated":true}]}}