{"id":8527,"date":"2018-06-26T16:43:39","date_gmt":"2018-06-26T19:43:39","guid":{"rendered":"https:\/\/blogs.correiobraziliense.com.br\/vicente\/?p=8527"},"modified":"2018-06-26T18:48:47","modified_gmt":"2018-06-26T21:48:47","slug":"bndes-libera-r-349-milhoes-para-laboratorio-de-brasilia","status":"publish","type":"post","link":"https:\/\/blogs.correiobraziliense.com.br\/vicente\/bndes-libera-r-349-milhoes-para-laboratorio-de-brasilia\/","title":{"rendered":"BNDES libera R$ 34,9 milh\u00f5es para laborat\u00f3rio de Bras\u00edlia"},"content":{"rendered":"<h2>O Banco Nacional de Desenvolvimento Econ\u00f4mico e Social (BNDES) aprovou nesta ter\u00e7a-feira (26\/06), em reuni\u00e3o de diretoria, empr\u00e9stimo de R$ 34,9 milh\u00f5es para a moderniza\u00e7\u00e3o e reestrutura\u00e7\u00e3o da f\u00e1brica de medicamentos EMS, em Bras\u00edlia.<\/h2>\n<p>&nbsp;<\/p>\n<p>Os recursos ser\u00e3o utilizados para a amplia\u00e7\u00e3o da capacidade produtiva de horm\u00f4nios e antibi\u00f3ticos. A EMS atua, principalmente, no mercado de gen\u00e9ricos, no qual lidera em faturamento.]<\/p>\n<p>&nbsp;<\/p>\n<p><em>Bras\u00edlia, 16h43min<\/em><\/p>\n","protected":false},"excerpt":{"rendered":"<p>O Banco Nacional de Desenvolvimento Econ\u00f4mico e Social (BNDES) aprovou nesta ter\u00e7a-feira (26\/06), em reuni\u00e3o de diretoria, empr\u00e9stimo de R$ 34,9 milh\u00f5es para a moderniza\u00e7\u00e3o e reestrutura\u00e7\u00e3o da f\u00e1brica de medicamentos EMS, em Bras\u00edlia. &nbsp; Os recursos ser\u00e3o utilizados para a amplia\u00e7\u00e3o da capacidade produtiva de horm\u00f4nios e antibi\u00f3ticos. A EMS atua, principalmente, no mercado [&hellip;]<\/p>\n","protected":false},"author":22,"featured_media":0,"comment_status":"open","ping_status":"closed","sticky":false,"template":"","format":"standard","meta":{"footnotes":""},"categories":[600],"tags":[89,926,2467,3493,3492],"class_list":["post-8527","post","type-post","status-publish","format-standard","hentry","category-economia","tag-bndes","tag-brasilia","tag-emprestimo","tag-ems","tag-laboratorio"],"_links":{"self":[{"href":"https:\/\/blogs.correiobraziliense.com.br\/vicente\/wp-json\/wp\/v2\/posts\/8527","targetHints":{"allow":["GET"]}}],"collection":[{"href":"https:\/\/blogs.correiobraziliense.com.br\/vicente\/wp-json\/wp\/v2\/posts"}],"about":[{"href":"https:\/\/blogs.correiobraziliense.com.br\/vicente\/wp-json\/wp\/v2\/types\/post"}],"author":[{"embeddable":true,"href":"https:\/\/blogs.correiobraziliense.com.br\/vicente\/wp-json\/wp\/v2\/users\/22"}],"replies":[{"embeddable":true,"href":"https:\/\/blogs.correiobraziliense.com.br\/vicente\/wp-json\/wp\/v2\/comments?post=8527"}],"version-history":[{"count":1,"href":"https:\/\/blogs.correiobraziliense.com.br\/vicente\/wp-json\/wp\/v2\/posts\/8527\/revisions"}],"predecessor-version":[{"id":8528,"href":"https:\/\/blogs.correiobraziliense.com.br\/vicente\/wp-json\/wp\/v2\/posts\/8527\/revisions\/8528"}],"wp:attachment":[{"href":"https:\/\/blogs.correiobraziliense.com.br\/vicente\/wp-json\/wp\/v2\/media?parent=8527"}],"wp:term":[{"taxonomy":"category","embeddable":true,"href":"https:\/\/blogs.correiobraziliense.com.br\/vicente\/wp-json\/wp\/v2\/categories?post=8527"},{"taxonomy":"post_tag","embeddable":true,"href":"https:\/\/blogs.correiobraziliense.com.br\/vicente\/wp-json\/wp\/v2\/tags?post=8527"}],"curies":[{"name":"wp","href":"https:\/\/api.w.org\/{rel}","templated":true}]}}