{"id":8522,"date":"2018-06-26T15:15:47","date_gmt":"2018-06-26T18:15:47","guid":{"rendered":"https:\/\/blogs.correiobraziliense.com.br\/vicente\/?p=8522"},"modified":"2018-06-26T18:02:19","modified_gmt":"2018-06-26T21:02:19","slug":"dj-e-nomeado-para-comandar-orcamento-de-r-40-milhoes-do-inmetro","status":"publish","type":"post","link":"https:\/\/blogs.correiobraziliense.com.br\/vicente\/dj-e-nomeado-para-comandar-orcamento-de-r-40-milhoes-do-inmetro\/","title":{"rendered":"DJ \u00e9 nomeado para comandar or\u00e7amento de R$ 40 milh\u00f5es do Inmetro"},"content":{"rendered":"<h2>Boa parte do governo n\u00e3o consegue entender como o presidente do Instituto Nacional de Metrologia, Qualidade e Tecnologia (Inmetro), Carlos Augusto Azevedo, consegue se manter no cargo. Condenado em segunda inst\u00e2ncia por improbidade, ele nomeou para tocar a milion\u00e1ria \u00e1rea de compras do\u00a0Inmetro o DJ Robson Rabitt (<strong>foto<\/strong>), que, ao que se sabe, n\u00e3o tem a menor intimidade com o assunto. Esse caso remete ao jovem de 19 anos que o PTB do deputado Jovair Arantes indicou para tocar a \u00e1rea de log\u00edstica do Minist\u00e9rio do Trabalho. Felizmente, o jovem foi demitido.<\/h2>\n<p>&nbsp;<\/p>\n<p><a href=\"https:\/\/blogs.correiobraziliense.com.br\/vicente\/wp-content\/uploads\/sites\/16\/2018\/06\/RobsonDj.jpg\" rel=\"attachment wp-att-8523\"><img loading=\"lazy\" decoding=\"async\" class=\"alignnone size-full wp-image-8523\" src=\"https:\/\/blogs.correiobraziliense.com.br\/vicente\/wp-content\/uploads\/sites\/16\/2018\/06\/RobsonDj.jpg\" alt=\"RobsonDj\" width=\"800\" height=\"600\" srcset=\"https:\/\/blogs.correiobraziliense.com.br\/vicente\/wp-content\/uploads\/sites\/16\/2018\/06\/RobsonDj.jpg 800w, https:\/\/blogs.correiobraziliense.com.br\/vicente\/wp-content\/uploads\/sites\/16\/2018\/06\/RobsonDj-300x225.jpg 300w, https:\/\/blogs.correiobraziliense.com.br\/vicente\/wp-content\/uploads\/sites\/16\/2018\/06\/RobsonDj-768x576.jpg 768w, https:\/\/blogs.correiobraziliense.com.br\/vicente\/wp-content\/uploads\/sites\/16\/2018\/06\/RobsonDj-350x263.jpg 350w, https:\/\/blogs.correiobraziliense.com.br\/vicente\/wp-content\/uploads\/sites\/16\/2018\/06\/RobsonDj-550x413.jpg 550w, https:\/\/blogs.correiobraziliense.com.br\/vicente\/wp-content\/uploads\/sites\/16\/2018\/06\/RobsonDj-230x173.jpg 230w\" sizes=\"auto, (max-width: 800px) 100vw, 800px\" \/><\/a><\/p>\n<p>&nbsp;<\/p>\n<p>O DJ Robson, como ele se apresenta em sua p\u00e1gina no Facebook, se mostra mais forte do que nunca. Maneja, diretamente, um or\u00e7amento de R$ 40 milh\u00f5es e um indireto, de R$ 400 milh\u00f5es. Curiosamente, o DJ foi nomeado em um momento em que o Inmetro est\u00e1 com os cofres cheios, ao contr\u00e1rio de v\u00e1rios \u00f3rg\u00e3os do governo. Conseguiu economizar R$ 49 milh\u00f5es em despesas e faturou R$ 89 milh\u00f5es.<\/p>\n<p>&nbsp;<\/p>\n<p>Quem conhece Azevedo garante que muita da sua for\u00e7a pol\u00edtica vem da proximidade com o emedebista Washington Reis, prefeito de Duque de Caxias. N\u00e3o por acaso, o Inmetro doou um terreno que tinha na cidade para a prefeitura. A liga\u00e7\u00e3o do Inmetro com o MDB de Duque de Caxias vem de longe. O ex-presidente do \u00f3rg\u00e3o Lu\u00eds Fernando Panelli C\u00e9sar\u00a0foi secret\u00e1rio de Fazenda e Planejamento do munic\u00edpio.<\/p>\n<p>&nbsp;<\/p>\n<p>O que chama a aten\u00e7\u00e3o \u00e9 que, mesmo com tantas coisas estranhas ocorrendo no Inmetro, nada acontece no \u00f3rg\u00e3o. O\u00a0Minist\u00e9rio da Ind\u00fastria, Com\u00e9rcio Exterior e Servi\u00e7os (Mdic) n\u00e3o consegue dar as diretrizes do Inmetro, mesmo o \u00f3rg\u00e3o est\u00e3o sob seu controle. O ex-ministro Marcos Pereira fracassou na tentativa de mudar o comando do Inmetro e o atual titular do Mdic, Marcos Jorge, est\u00e1 de m\u00e3os atadas.<\/p>\n<p>&nbsp;<\/p>\n<p>Para os funcion\u00e1rios do Inmetro, o governo precisa agir r\u00e1pido a fim de evitar o pior. Eles chamam a aten\u00e7\u00e3o para o projeto encabe\u00e7ado por Azevedo com o objetivo de aumentar em 60% o n\u00famero de funcion\u00e1rios terceirizados na \u00e1rea administrativa. Dizem que seria uma forma de acomodar cabos eleitorais do prefeito Washington Reis.<\/p>\n<p>&nbsp;<\/p>\n<p><em>Bras\u00edlia, 15h15min<\/em><\/p>\n","protected":false},"excerpt":{"rendered":"<p>Boa parte do governo n\u00e3o consegue entender como o presidente do Instituto Nacional de Metrologia, Qualidade e Tecnologia (Inmetro), Carlos Augusto Azevedo, consegue se manter no cargo. Condenado em segunda inst\u00e2ncia por improbidade, ele nomeou para tocar a milion\u00e1ria \u00e1rea de compras do\u00a0Inmetro o DJ Robson Rabitt (foto), que, ao que se sabe, n\u00e3o tem [&hellip;]<\/p>\n","protected":false},"author":22,"featured_media":0,"comment_status":"open","ping_status":"closed","sticky":false,"template":"","format":"standard","meta":{"footnotes":""},"categories":[600],"tags":[3491,3088,3490,3084,3032],"class_list":["post-8522","post","type-post","status-publish","format-standard","hentry","category-economia","tag-area-de-compras","tag-carlos-augusto-azevedo","tag-dj-robson-rabit","tag-inmetro","tag-nomeacao"],"_links":{"self":[{"href":"https:\/\/blogs.correiobraziliense.com.br\/vicente\/wp-json\/wp\/v2\/posts\/8522","targetHints":{"allow":["GET"]}}],"collection":[{"href":"https:\/\/blogs.correiobraziliense.com.br\/vicente\/wp-json\/wp\/v2\/posts"}],"about":[{"href":"https:\/\/blogs.correiobraziliense.com.br\/vicente\/wp-json\/wp\/v2\/types\/post"}],"author":[{"embeddable":true,"href":"https:\/\/blogs.correiobraziliense.com.br\/vicente\/wp-json\/wp\/v2\/users\/22"}],"replies":[{"embeddable":true,"href":"https:\/\/blogs.correiobraziliense.com.br\/vicente\/wp-json\/wp\/v2\/comments?post=8522"}],"version-history":[{"count":3,"href":"https:\/\/blogs.correiobraziliense.com.br\/vicente\/wp-json\/wp\/v2\/posts\/8522\/revisions"}],"predecessor-version":[{"id":8526,"href":"https:\/\/blogs.correiobraziliense.com.br\/vicente\/wp-json\/wp\/v2\/posts\/8522\/revisions\/8526"}],"wp:attachment":[{"href":"https:\/\/blogs.correiobraziliense.com.br\/vicente\/wp-json\/wp\/v2\/media?parent=8522"}],"wp:term":[{"taxonomy":"category","embeddable":true,"href":"https:\/\/blogs.correiobraziliense.com.br\/vicente\/wp-json\/wp\/v2\/categories?post=8522"},{"taxonomy":"post_tag","embeddable":true,"href":"https:\/\/blogs.correiobraziliense.com.br\/vicente\/wp-json\/wp\/v2\/tags?post=8522"}],"curies":[{"name":"wp","href":"https:\/\/api.w.org\/{rel}","templated":true}]}}