{"id":8520,"date":"2018-06-25T18:46:28","date_gmt":"2018-06-25T21:46:28","guid":{"rendered":"https:\/\/blogs.correiobraziliense.com.br\/vicente\/?p=8520"},"modified":"2018-06-27T19:11:39","modified_gmt":"2018-06-27T22:11:39","slug":"gustavo-scarpa-rescinde-com-o-fluminense-apos-decisao-do-tst","status":"publish","type":"post","link":"https:\/\/blogs.correiobraziliense.com.br\/vicente\/gustavo-scarpa-rescinde-com-o-fluminense-apos-decisao-do-tst\/","title":{"rendered":"Gustavo Scarpa rescinde com o Fluminense ap\u00f3s decis\u00e3o do TST"},"content":{"rendered":"<h2>POR ANTONIO TEM\u00d3TEO<\/h2>\n<h2><\/h2>\n<h2>O jogador Gustavo Scarpa conseguiu, por meio de uma decis\u00e3o do Tribunal Superior do Trabalho (TST), habeas corpus para rescindir indiretamente o contrato com o Fluminense. Com a decis\u00e3o, o atleta est\u00e1 livre para negociar com o Palmeiras. O clube ainda deve ao jogador\u00a0R$ 735 mil.<\/h2>\n<p>&nbsp;<\/p>\n<p>Em recente decis\u00e3o da Justi\u00e7a do Trabalho do Rio de Janeiro, o jogador foi impedido de se desvincular do Fluminense e obrigado a se apresentar para o trabalho no clube inadimplente.\u00a0O\u00a0advogado Mauricio Corr\u00eaa da Veiga, defensor do atleta, detalha que obrigar uma pessoa a trabalhar para um empregador contra a sua vontade se trata de uma viol\u00eancia psicol\u00f3gica.<\/p>\n<p>&nbsp;<\/p>\n<p>Corr\u00eaa da Veiga ainda ressalta que a\u00a0d\u00edvida de R$735 mil \u00e9 a somat\u00f3ria dos atrasos no Fundo de Garantia do Tempo de Servi\u00e7o (FGTS) dos meses de junho a novembro de 2017, dos direitos de imagem dos meses de agosto a novembro de 2017, do sal\u00e1rio de 13\u00ba de 2016,de\u00a0 f\u00e9rias e so sal\u00e1rio de novembro de 2017 de quase R$ 135 mil.<\/p>\n<p>&nbsp;<\/p>\n<p>Al\u00e9m disso, o Fluminense tamb\u00e9m deve os sal\u00e1rios de R$ 84 mil mensais do jogador de mar\u00e7o a outubro de 2017.<\/p>\n<p>&nbsp;<\/p>\n<p><em>Bras\u00edlia, 18h46min<\/em><\/p>\n","protected":false},"excerpt":{"rendered":"<p>POR ANTONIO TEM\u00d3TEO O jogador Gustavo Scarpa conseguiu, por meio de uma decis\u00e3o do Tribunal Superior do Trabalho (TST), habeas corpus para rescindir indiretamente o contrato com o Fluminense. Com a decis\u00e3o, o atleta est\u00e1 livre para negociar com o Palmeiras. O clube ainda deve ao jogador\u00a0R$ 735 mil. &nbsp; Em recente decis\u00e3o da Justi\u00e7a [&hellip;]<\/p>\n","protected":false},"author":22,"featured_media":0,"comment_status":"open","ping_status":"closed","sticky":false,"template":"","format":"standard","meta":{"footnotes":""},"categories":[600],"tags":[3486,3487,3489,3488],"class_list":["post-8520","post","type-post","status-publish","format-standard","hentry","category-economia","tag-fluminense","tag-gustavo-scarpa","tag-mauricio-correa-da-veiga","tag-palmeiras"],"_links":{"self":[{"href":"https:\/\/blogs.correiobraziliense.com.br\/vicente\/wp-json\/wp\/v2\/posts\/8520","targetHints":{"allow":["GET"]}}],"collection":[{"href":"https:\/\/blogs.correiobraziliense.com.br\/vicente\/wp-json\/wp\/v2\/posts"}],"about":[{"href":"https:\/\/blogs.correiobraziliense.com.br\/vicente\/wp-json\/wp\/v2\/types\/post"}],"author":[{"embeddable":true,"href":"https:\/\/blogs.correiobraziliense.com.br\/vicente\/wp-json\/wp\/v2\/users\/22"}],"replies":[{"embeddable":true,"href":"https:\/\/blogs.correiobraziliense.com.br\/vicente\/wp-json\/wp\/v2\/comments?post=8520"}],"version-history":[{"count":4,"href":"https:\/\/blogs.correiobraziliense.com.br\/vicente\/wp-json\/wp\/v2\/posts\/8520\/revisions"}],"predecessor-version":[{"id":8547,"href":"https:\/\/blogs.correiobraziliense.com.br\/vicente\/wp-json\/wp\/v2\/posts\/8520\/revisions\/8547"}],"wp:attachment":[{"href":"https:\/\/blogs.correiobraziliense.com.br\/vicente\/wp-json\/wp\/v2\/media?parent=8520"}],"wp:term":[{"taxonomy":"category","embeddable":true,"href":"https:\/\/blogs.correiobraziliense.com.br\/vicente\/wp-json\/wp\/v2\/categories?post=8520"},{"taxonomy":"post_tag","embeddable":true,"href":"https:\/\/blogs.correiobraziliense.com.br\/vicente\/wp-json\/wp\/v2\/tags?post=8520"}],"curies":[{"name":"wp","href":"https:\/\/api.w.org\/{rel}","templated":true}]}}