{"id":8514,"date":"2018-06-25T14:48:36","date_gmt":"2018-06-25T17:48:36","guid":{"rendered":"https:\/\/blogs.correiobraziliense.com.br\/vicente\/?p=8514"},"modified":"2018-06-25T14:48:36","modified_gmt":"2018-06-25T17:48:36","slug":"deficit-dos-fundos-de-pensao-chega-r-272-bilhoes-em-fevereiro","status":"publish","type":"post","link":"https:\/\/blogs.correiobraziliense.com.br\/vicente\/deficit-dos-fundos-de-pensao-chega-r-272-bilhoes-em-fevereiro\/","title":{"rendered":"Deficit dos fundos de pens\u00e3o chega a R$ 27,2 bilh\u00f5es em fevereiro"},"content":{"rendered":"<p>POR ANTONIO TEM\u00d3TEO<\/p>\n<p>&nbsp;<\/p>\n<p>O deficit dos fundos de pens\u00e3o totalizou R$ 27,8 bilh\u00f5es em fevereiro, conforme dados divulgados pela Associa\u00e7\u00e3o Brasileira das Entidades Fechadas de Previd\u00eancia Complementar (Abrapp). O resultado representa uma queda de 17,5% em rela\u00e7\u00e3o ao rombo acumulado at\u00e9 dezembro de 2017, que chagava a R$ 33,7 bilh\u00f5es.<span class=\"Apple-converted-space\">\u00a0<\/span><\/p>\n<p>&nbsp;<\/p>\n<p>Os dados da Abrapp mostram que o n\u00famero de funda\u00e7\u00f5es com deficit atuarial passou de 77 em dezembro no ano passado para 72 em fevereiro de 2018. Vale lembrar que 10 panos de benef\u00edcios acumulam 77% do deficit acumulado at\u00e9 o segundo m\u00eas do ano.<span class=\"Apple-converted-space\">\u00a0<\/span><\/p>\n<p>&nbsp;<\/p>\n<p>Al\u00e9m disso, o total de entidades fechadas de previd\u00eancia complementar que acumulam superativo passou de 141 para 151, na mesma base de compara\u00e7\u00e3o. O saldo positivo desses fundos de pens\u00e3o passou de R$ 20,3 bilh\u00f5es para R$ 24,9 bilh\u00f5es, um crescimento de 22,6%.<span class=\"Apple-converted-space\">\u00a0<\/span><\/p>\n<p>&nbsp;<\/p>\n<p>&nbsp;<\/p>\n","protected":false},"excerpt":{"rendered":"<p>POR ANTONIO TEM\u00d3TEO &nbsp; O deficit dos fundos de pens\u00e3o totalizou R$ 27,8 bilh\u00f5es em fevereiro, conforme dados divulgados pela Associa\u00e7\u00e3o Brasileira das Entidades Fechadas de Previd\u00eancia Complementar (Abrapp). O resultado representa uma queda de 17,5% em rela\u00e7\u00e3o ao rombo acumulado at\u00e9 dezembro de 2017, que chagava a R$ 33,7 bilh\u00f5es.\u00a0 &nbsp; Os dados da [&hellip;]<\/p>\n","protected":false},"author":22,"featured_media":0,"comment_status":"open","ping_status":"closed","sticky":false,"template":"","format":"standard","meta":{"footnotes":""},"categories":[600],"tags":[193,76,178,2570,1780],"class_list":["post-8514","post","type-post","status-publish","format-standard","hentry","category-economia","tag-abrapp","tag-deficit","tag-fundos-de-pensao","tag-planos-de-beneficios","tag-superavit"],"_links":{"self":[{"href":"https:\/\/blogs.correiobraziliense.com.br\/vicente\/wp-json\/wp\/v2\/posts\/8514","targetHints":{"allow":["GET"]}}],"collection":[{"href":"https:\/\/blogs.correiobraziliense.com.br\/vicente\/wp-json\/wp\/v2\/posts"}],"about":[{"href":"https:\/\/blogs.correiobraziliense.com.br\/vicente\/wp-json\/wp\/v2\/types\/post"}],"author":[{"embeddable":true,"href":"https:\/\/blogs.correiobraziliense.com.br\/vicente\/wp-json\/wp\/v2\/users\/22"}],"replies":[{"embeddable":true,"href":"https:\/\/blogs.correiobraziliense.com.br\/vicente\/wp-json\/wp\/v2\/comments?post=8514"}],"version-history":[{"count":1,"href":"https:\/\/blogs.correiobraziliense.com.br\/vicente\/wp-json\/wp\/v2\/posts\/8514\/revisions"}],"predecessor-version":[{"id":8517,"href":"https:\/\/blogs.correiobraziliense.com.br\/vicente\/wp-json\/wp\/v2\/posts\/8514\/revisions\/8517"}],"wp:attachment":[{"href":"https:\/\/blogs.correiobraziliense.com.br\/vicente\/wp-json\/wp\/v2\/media?parent=8514"}],"wp:term":[{"taxonomy":"category","embeddable":true,"href":"https:\/\/blogs.correiobraziliense.com.br\/vicente\/wp-json\/wp\/v2\/categories?post=8514"},{"taxonomy":"post_tag","embeddable":true,"href":"https:\/\/blogs.correiobraziliense.com.br\/vicente\/wp-json\/wp\/v2\/tags?post=8514"}],"curies":[{"name":"wp","href":"https:\/\/api.w.org\/{rel}","templated":true}]}}