{"id":8512,"date":"2018-06-25T06:32:05","date_gmt":"2018-06-25T09:32:05","guid":{"rendered":"https:\/\/blogs.correiobraziliense.com.br\/vicente\/?p=8512"},"modified":"2024-04-15T17:28:35","modified_gmt":"2024-04-15T20:28:35","slug":"ex-xerife-do-mercado-prega-engajamento-na-politica","status":"publish","type":"post","link":"https:\/\/blogs.correiobraziliense.com.br\/vicente\/ex-xerife-do-mercado-prega-engajamento-na-politica\/","title":{"rendered":"Ex-xerife do mercado prega engajamento na pol\u00edtica"},"content":{"rendered":"<h2>O pr\u00e9-candidato do Novo a governador do Rio, o advogado, ex-presidente da CVM e professor Marcelo Trindade, vai usar camisetas com mensagens para estimular o engajamento da popula\u00e7\u00e3o \u00e0 pr\u00e1tica da boa pol\u00edtica, nas caminhadas promovidas pelo partido.<\/h2>\n<p>&nbsp;<\/p>\n<p>A do \u00faltimo domingo (24\/06) na orla de Ipanema e Leblon, tinha a hashtag #eudecidiparticipar.<\/p>\n<p>&nbsp;<\/p>\n<p><em>Bras\u00edlia, 06h32min<\/em><\/p>\n","protected":false},"excerpt":{"rendered":"<p>O pr\u00e9-candidato do Novo a governador do Rio, o advogado, ex-presidente da CVM e professor Marcelo Trindade, vai usar camisetas com mensagens para estimular o engajamento da popula\u00e7\u00e3o \u00e0 pr\u00e1tica da boa pol\u00edtica, nas caminhadas promovidas pelo partido. &nbsp; A do \u00faltimo domingo (24\/06) na orla de Ipanema e Leblon, tinha a hashtag #eudecidiparticipar. &nbsp; [&hellip;]<\/p>\n","protected":false},"author":22,"featured_media":0,"comment_status":"open","ping_status":"closed","sticky":false,"template":"","format":"standard","meta":{"footnotes":""},"categories":[600],"tags":[200,4249,3483,3484,2526,273,6037],"class_list":["post-8512","post","type-post","status-publish","format-standard","hentry","category-economia","tag-cvm","tag-democracia","tag-marcelo-trindade","tag-partido-noro","tag-poder","tag-rio","tag-voto"],"_links":{"self":[{"href":"https:\/\/blogs.correiobraziliense.com.br\/vicente\/wp-json\/wp\/v2\/posts\/8512","targetHints":{"allow":["GET"]}}],"collection":[{"href":"https:\/\/blogs.correiobraziliense.com.br\/vicente\/wp-json\/wp\/v2\/posts"}],"about":[{"href":"https:\/\/blogs.correiobraziliense.com.br\/vicente\/wp-json\/wp\/v2\/types\/post"}],"author":[{"embeddable":true,"href":"https:\/\/blogs.correiobraziliense.com.br\/vicente\/wp-json\/wp\/v2\/users\/22"}],"replies":[{"embeddable":true,"href":"https:\/\/blogs.correiobraziliense.com.br\/vicente\/wp-json\/wp\/v2\/comments?post=8512"}],"version-history":[{"count":1,"href":"https:\/\/blogs.correiobraziliense.com.br\/vicente\/wp-json\/wp\/v2\/posts\/8512\/revisions"}],"predecessor-version":[{"id":8513,"href":"https:\/\/blogs.correiobraziliense.com.br\/vicente\/wp-json\/wp\/v2\/posts\/8512\/revisions\/8513"}],"wp:attachment":[{"href":"https:\/\/blogs.correiobraziliense.com.br\/vicente\/wp-json\/wp\/v2\/media?parent=8512"}],"wp:term":[{"taxonomy":"category","embeddable":true,"href":"https:\/\/blogs.correiobraziliense.com.br\/vicente\/wp-json\/wp\/v2\/categories?post=8512"},{"taxonomy":"post_tag","embeddable":true,"href":"https:\/\/blogs.correiobraziliense.com.br\/vicente\/wp-json\/wp\/v2\/tags?post=8512"}],"curies":[{"name":"wp","href":"https:\/\/api.w.org\/{rel}","templated":true}]}}