{"id":8510,"date":"2018-06-25T12:45:17","date_gmt":"2018-06-25T15:45:17","guid":{"rendered":"https:\/\/blogs.correiobraziliense.com.br\/vicente\/?p=8510"},"modified":"2018-06-25T12:45:17","modified_gmt":"2018-06-25T15:45:17","slug":"investidores-estrangeiros-retiram-dinheiro-do-pais","status":"publish","type":"post","link":"https:\/\/blogs.correiobraziliense.com.br\/vicente\/investidores-estrangeiros-retiram-dinheiro-do-pais\/","title":{"rendered":"Investidores estrangeiros retiraram US$ 6,4 bilh\u00f5es do pa\u00eds em maio"},"content":{"rendered":"<p>POR ANTONIO TEM\u00d3TEO<\/p>\n<p>&nbsp;<\/p>\n<p>Em maio, os investidores estrangeiros retiraram US$ 6,4 bilh\u00f5es do Brasil em aplica\u00e7\u00f5es em a\u00e7\u00f5es, em fundos de investimento e em t\u00edtulos de renda fixa, conforme dados divulgados pelo Banco Central (BC). A autoridade monet\u00e1ria ressalta que os resultados mensais t\u00eam apresentado volatilidade.<\/p>\n<p>&nbsp;<\/p>\n<p>Apesar disso, o chefe do Departamento de Estat\u00edstica do BC, Fernando Rocha, ressalta que em 12 meses encerrados at\u00e9 maio, o saldo \u00e9 positivo em US$ 2,5 bilh\u00f5es. &#8220;Essa volatilidade leva em conta o diferencial da taxa de juros, as perspectivas para o c\u00e2mbio e as avalia\u00e7\u00f5es de riscos e incertezas&#8221;, destaca.<\/p>\n<p>&nbsp;<\/p>\n<p>Apesar disso, as parciais at\u00e9 21 de junho mostram que os investidores continuam a retirar dinheiro do pa\u00eds. No caso das a\u00e7\u00f5es, as sa\u00eddas l\u00edquidas totalizaram US$ 1,4 bilh\u00e3o e em t\u00edtulos de renda fixa os estrangeiros retiraram do pa\u00eds US$ 336 milh\u00f5es.<\/p>\n<p>&nbsp;<\/p>\n<p>&nbsp;<\/p>\n","protected":false},"excerpt":{"rendered":"<p>POR ANTONIO TEM\u00d3TEO &nbsp; Em maio, os investidores estrangeiros retiraram US$ 6,4 bilh\u00f5es do Brasil em aplica\u00e7\u00f5es em a\u00e7\u00f5es, em fundos de investimento e em t\u00edtulos de renda fixa, conforme dados divulgados pelo Banco Central (BC). A autoridade monet\u00e1ria ressalta que os resultados mensais t\u00eam apresentado volatilidade. &nbsp; Apesar disso, o chefe do Departamento de [&hellip;]<\/p>\n","protected":false},"author":22,"featured_media":0,"comment_status":"open","ping_status":"closed","sticky":false,"template":"","format":"standard","meta":{"footnotes":""},"categories":[600],"tags":[3394,3,944,578,3482],"class_list":["post-8510","post","type-post","status-publish","format-standard","hentry","category-economia","tag-acoes","tag-banco-central","tag-fundos-de-investimentos","tag-investimentos","tag-titulos-de-renda-fixa"],"_links":{"self":[{"href":"https:\/\/blogs.correiobraziliense.com.br\/vicente\/wp-json\/wp\/v2\/posts\/8510","targetHints":{"allow":["GET"]}}],"collection":[{"href":"https:\/\/blogs.correiobraziliense.com.br\/vicente\/wp-json\/wp\/v2\/posts"}],"about":[{"href":"https:\/\/blogs.correiobraziliense.com.br\/vicente\/wp-json\/wp\/v2\/types\/post"}],"author":[{"embeddable":true,"href":"https:\/\/blogs.correiobraziliense.com.br\/vicente\/wp-json\/wp\/v2\/users\/22"}],"replies":[{"embeddable":true,"href":"https:\/\/blogs.correiobraziliense.com.br\/vicente\/wp-json\/wp\/v2\/comments?post=8510"}],"version-history":[{"count":1,"href":"https:\/\/blogs.correiobraziliense.com.br\/vicente\/wp-json\/wp\/v2\/posts\/8510\/revisions"}],"predecessor-version":[{"id":8511,"href":"https:\/\/blogs.correiobraziliense.com.br\/vicente\/wp-json\/wp\/v2\/posts\/8510\/revisions\/8511"}],"wp:attachment":[{"href":"https:\/\/blogs.correiobraziliense.com.br\/vicente\/wp-json\/wp\/v2\/media?parent=8510"}],"wp:term":[{"taxonomy":"category","embeddable":true,"href":"https:\/\/blogs.correiobraziliense.com.br\/vicente\/wp-json\/wp\/v2\/categories?post=8510"},{"taxonomy":"post_tag","embeddable":true,"href":"https:\/\/blogs.correiobraziliense.com.br\/vicente\/wp-json\/wp\/v2\/tags?post=8510"}],"curies":[{"name":"wp","href":"https:\/\/api.w.org\/{rel}","templated":true}]}}