{"id":8507,"date":"2018-06-23T06:39:19","date_gmt":"2018-06-23T09:39:19","guid":{"rendered":"https:\/\/blogs.correiobraziliense.com.br\/vicente\/?p=8507"},"modified":"2018-06-23T12:49:45","modified_gmt":"2018-06-23T15:49:45","slug":"correio-economico-congresso-e-justica-jogam-contra-o-pais","status":"publish","type":"post","link":"https:\/\/blogs.correiobraziliense.com.br\/vicente\/correio-economico-congresso-e-justica-jogam-contra-o-pais\/","title":{"rendered":"Correio Econ\u00f4mico: Congresso e Justi\u00e7a jogam contra o pa\u00eds"},"content":{"rendered":"<h2>Em meio a tantas incertezas na economia e na pol\u00edtica, o Banco Central e o Tesouro Nacional se anteciparam em avisar os investidores que est\u00e3o prontos para conter qualquer movimento at\u00edpico do mercado na pr\u00f3xima semana. A determina\u00e7\u00e3o \u00e9 reduzir ao m\u00e1ximo a volatilidade que vem causando preju\u00edzos aos poupadores, sobretudo os de classe m\u00e9dia, grandes financiadores da d\u00edvida p\u00fablica por meio de fundos de investimentos.<\/h2>\n<p>&nbsp;<\/p>\n<p>Ao mesmo tempo em que informou que vender\u00e1, na segunda-feira, US$ 3 bilh\u00f5es com compromisso de recompra (leil\u00e3o de linha), o BC destacou que far\u00e1 uma oferta de t\u00edtulos que est\u00e3o em sua carteira como forma de auxiliar o Tesouro na tarefa de equilibrar o mercado de d\u00edvida. O valor dos pap\u00e9is emitidos pelo governo est\u00e1 despencando, reduzindo o patrim\u00f4nio de quem tem dinheiro aplicado, inclusive em fundos de previd\u00eancia. Muita gente est\u00e1 assustada.<\/p>\n<p>&nbsp;<\/p>\n<p>A percep\u00e7\u00e3o dentro do governo \u00e9 de que o nervosismo entre os investidores est\u00e1 longe de acabar. Ainda que a press\u00e3o em cima do Banco Central para aumentar os juros tenha diminu\u00eddo, depois da reuni\u00e3o do Comit\u00ea de Pol\u00edtica Monet\u00e1ria (Copom) que manteve a taxa Selic em 6,50% ao ano, a desconfian\u00e7a continua latente. Do ponto de vista dom\u00e9stico, h\u00e1 um mar de d\u00favidas sobre as elei\u00e7\u00f5es que se aproximam. N\u00e3o h\u00e1, at\u00e9, agora, nenhum candidato com um projeto consistente de governo para tirar o pa\u00eds do atoleiro em que se encontra.<\/p>\n<p>&nbsp;<\/p>\n<p><b>A for\u00e7a dos lobbies<\/b><\/p>\n<p>&nbsp;<\/p>\n<p>A infla\u00e7\u00e3o voltou a dar as caras, o d\u00f3lar continua apontando para cima a despeito das interven\u00e7\u00f5es do BC no mercado de c\u00e2mbio (a oferta de contratos de swap vai continuar) e a atividade econ\u00f4mica perde for\u00e7a. Um cen\u00e1rio com que poucos contavam no in\u00edcio do ano, quando o otimismo sustentava previs\u00f5es de crescimento de 3% ou mais do Produto Interno Bruto (PIB). No Congresso, todas as medidas aprovadas recentemente agravam o quadro fiscal, explicitando a incapacidade do governo de conter os lobbies.<\/p>\n<p>&nbsp;<\/p>\n<p>Na verdade, a porta para esses projetos foi aberta pelo Pal\u00e1cio do Planalto, ao ceder, de forma equivocada, aos pleitos dos caminhoneiros, que pararam o pa\u00eds. Todos perceberam que bastava uma boa articula\u00e7\u00e3o no Congresso ou falar um pouco mais alto para espetar uma fatura no caixa do Tesouro Nacional. Esse mesmo movimento foi percebido no Tribunal Superior do Trabalho (TST), que imp\u00f4s duas grandes derrotas aos cofres p\u00fablicos. Primeiro, ao dar ganho de causa a um pequeno grupo de funcion\u00e1rios do Serpro cedidos ao Minist\u00e9rio da Fazenda. A conta ser\u00e1 de R$ 263 milh\u00f5es, sendo que alguns deles receber\u00e3o, cada um, cerca de R$ 20 milh\u00f5es. Segundo, ao sancionar pedido de empregados da Petrobras, que cobram indeniza\u00e7\u00f5es que podem chegar a R$ 17 bilh\u00f5es.<\/p>\n<p>&nbsp;<\/p>\n<p>Como diz um aliado do presidente Michel Temer, \u201cse j\u00e1 estava ruim, ficar\u00e1 pior ainda\u201d. Para ele, as corpora\u00e7\u00f5es se sentiram no direito de crescer e exigir benesses incompat\u00edveis com a realidade do pa\u00eds, que luta para voltar a crescer e reduzir o desemprego. \u201cS\u00e3o sempre os mesmos grupos que enfiam a faca no Tesouro. Isso s\u00f3 agrava as desigualdades do pa\u00eds. Infelizmente, o governo, com sua popularidade pr\u00f3xima de zero, perdeu a incapacidade de dialogar. Ningu\u00e9m mais ouve o que sai do Planalto\u201d, afirma. Cientes disso, os investidores n\u00e3o economizar\u00e3o na disposi\u00e7\u00e3o para tumultuar ainda mais o ambiente.<\/p>\n<p>&nbsp;<\/p>\n<p><b>Risco muito alto<\/b><\/p>\n<p>&nbsp;<\/p>\n<p>Na avalia\u00e7\u00e3o dos donos do dinheiro, h\u00e1 pelo menos uma boa not\u00edcia para celebrar: o arquivamento pelo Supremo Tribunal Federal (STF) do processo que poderia libertar o ex-presidente Lula da cadeia. O ministro Edson Fachin considerou prejudicado o recurso em que o petista questionava o m\u00e9rito de sua condena\u00e7\u00e3o. A decis\u00e3o de Fachin foi tomada depois de o Tribunal Regional Federal da 4\u00aa Regi\u00e3o (TRF-4) negar a admissibilidade ao recurso no qual Lula pretendia questionar sua condena\u00e7\u00e3o no STF. O julgamento estava marcado para ter\u00e7a-feira.<\/p>\n<p>&nbsp;<\/p>\n<p>Para os investidores, a soltura de Lula tumultuaria ainda mais o quadro eleitoral, j\u00e1 que, mesmo proibido de disputar a Presid\u00eancia da Rep\u00fablica por causa da Lei da Ficha Limpa, poderia fazer campanha, a ponto de eleger um candidato de esquerda n\u00e3o comprometido com as reformas de que o Brasil tanto precisa, como a da Previd\u00eancia Social. Um executivo de um dos maiores bancos do pa\u00eds resumiu o sentimento do mercado: \u201cFachin tirou qualquer chance de a 2\u00aa Turma do STF de cometer uma grande loucura. Esse risco era muito alto\u201d.<\/p>\n<p>&nbsp;<\/p>\n<p><i>Bras\u00edlia, 06h39min<\/i><\/p>\n","protected":false},"excerpt":{"rendered":"<p>Em meio a tantas incertezas na economia e na pol\u00edtica, o Banco Central e o Tesouro Nacional se anteciparam em avisar os investidores que est\u00e3o prontos para conter qualquer movimento at\u00edpico do mercado na pr\u00f3xima semana. A determina\u00e7\u00e3o \u00e9 reduzir ao m\u00e1ximo a volatilidade que vem causando preju\u00edzos aos poupadores, sobretudo os de classe m\u00e9dia, [&hellip;]<\/p>\n","protected":false},"author":22,"featured_media":0,"comment_status":"open","ping_status":"closed","sticky":false,"template":"","format":"standard","meta":{"footnotes":""},"categories":[600],"tags":[254,467,14,199,4,282,2463],"class_list":["post-8507","post","type-post","status-publish","format-standard","hentry","category-economia","tag-congresso","tag-governo","tag-inflacao","tag-investidores","tag-juros","tag-justica","tag-perdas"],"_links":{"self":[{"href":"https:\/\/blogs.correiobraziliense.com.br\/vicente\/wp-json\/wp\/v2\/posts\/8507","targetHints":{"allow":["GET"]}}],"collection":[{"href":"https:\/\/blogs.correiobraziliense.com.br\/vicente\/wp-json\/wp\/v2\/posts"}],"about":[{"href":"https:\/\/blogs.correiobraziliense.com.br\/vicente\/wp-json\/wp\/v2\/types\/post"}],"author":[{"embeddable":true,"href":"https:\/\/blogs.correiobraziliense.com.br\/vicente\/wp-json\/wp\/v2\/users\/22"}],"replies":[{"embeddable":true,"href":"https:\/\/blogs.correiobraziliense.com.br\/vicente\/wp-json\/wp\/v2\/comments?post=8507"}],"version-history":[{"count":2,"href":"https:\/\/blogs.correiobraziliense.com.br\/vicente\/wp-json\/wp\/v2\/posts\/8507\/revisions"}],"predecessor-version":[{"id":8509,"href":"https:\/\/blogs.correiobraziliense.com.br\/vicente\/wp-json\/wp\/v2\/posts\/8507\/revisions\/8509"}],"wp:attachment":[{"href":"https:\/\/blogs.correiobraziliense.com.br\/vicente\/wp-json\/wp\/v2\/media?parent=8507"}],"wp:term":[{"taxonomy":"category","embeddable":true,"href":"https:\/\/blogs.correiobraziliense.com.br\/vicente\/wp-json\/wp\/v2\/categories?post=8507"},{"taxonomy":"post_tag","embeddable":true,"href":"https:\/\/blogs.correiobraziliense.com.br\/vicente\/wp-json\/wp\/v2\/tags?post=8507"}],"curies":[{"name":"wp","href":"https:\/\/api.w.org\/{rel}","templated":true}]}}