{"id":8501,"date":"2018-06-22T18:12:17","date_gmt":"2018-06-22T21:12:17","guid":{"rendered":"https:\/\/blogs.correiobraziliense.com.br\/vicente\/?p=8501"},"modified":"2018-06-22T18:33:20","modified_gmt":"2018-06-22T21:33:20","slug":"bc-ofertara-us-3-bilhoes-em-leilao-de-linha-na-segunda-feira","status":"publish","type":"post","link":"https:\/\/blogs.correiobraziliense.com.br\/vicente\/bc-ofertara-us-3-bilhoes-em-leilao-de-linha-na-segunda-feira\/","title":{"rendered":"BC ofertar\u00e1 US$ 3 bilh\u00f5es em leil\u00e3o de linha na segunda-feira"},"content":{"rendered":"<p>POR ANTONIO TEM\u00d3TEO<\/p>\n<p>&nbsp;<\/p>\n<p>O Banco Central (BC) anunciou que oferecer\u00e1 US$ 3 bilh\u00f5es em leil\u00e3o de linha na pr\u00f3xima segunda-feira, com liquida\u00e7\u00e3o em 2 de agosto. Em nota, a autoridade monet\u00e1ria informou que continuar\u00e1 a ofertar contratos de swap cambial, de acordo com as condi\u00e7\u00f5es de mercado, para prover liquidez e contribuir para o bom funcionamento do mercado de c\u00e2mbio.<\/p>\n<p>&nbsp;<\/p>\n<p>Apesar disso, o BC n\u00e3o se comprometeu com um valor de contratos de swap. Na \u00faltima semana, a equipe de Ilan Goldfajn prometeu ofertar US$ 10 bilh\u00f5es, mas s\u00f3 fez leil\u00f5es de US$ 5 bilh\u00f5es. &#8220;O BC reafirma que n\u00e3o v\u00ea restri\u00e7\u00f5es para que o estoque de swaps cambiais exceda consideravelmente os volumes m\u00e1ximos atingidos no passado&#8221;, informou.<\/p>\n<p>&nbsp;<\/p>\n<p>O estoque de swaps cambiais est\u00e1, atualmente, em US$ 67,4 bilh\u00f5es. O recorde foi atingido durante a gest\u00e3o de Alexandre Tombini e totalizou US$ 115 bilh\u00f5es. Ainda n\u00e3o est\u00e1 claro quanto a equipe de Ilan Goldfajn desembolsar\u00e1 para tentar conter a volatilidade cambial.<\/p>\n<p>&nbsp;<\/p>\n<p>O d\u00f3lar terminou o dia alta de 0,53%, vendido a R$ 3,783. A venda de US$ 1 bilh\u00e3o em swaps cambiais ontem n\u00e3o foi suficiente para conter a escalada da divisa norte-americana. A autoridade monet\u00e1ria ainda detalhou que continuar\u00e1 a atuar em parceria com o Tesouro Nacional para prover liquidez e o bom funcionamento do mercado de juros.<\/p>\n<p>&nbsp;<\/p>\n<p>No mercado, diversos analistas t\u00eam criticado a atua\u00e7\u00e3o do BC e t\u00eam pressionado para que a equipe de Ilan Goldfajn suba os juros para tentar conter essa volatilidade. Esse grupo avalia que com o diferencial de juros em rela\u00e7\u00e3o aos Estados Unidos est\u00e1 nas m\u00ednimas hist\u00f3ricas, \u00e9 necess\u00e1rio um pr\u00eamio maior para que os investidores permane\u00e7am no Brasil.<\/p>\n<p>&nbsp;<\/p>\n<p>Entretanto, um outro grupo de analistas avalia que a alta da Selic traria mais preju\u00edzos do que benef\u00edcios para o pa\u00eds. Na pr\u00e1tica, a eleva\u00e7\u00e3o da taxa levaria o pa\u00eds novamente para recess\u00e3o, traria mais desemprego e resultaria em ganhos apenas para especuladores.<\/p>\n","protected":false},"excerpt":{"rendered":"<p>POR ANTONIO TEM\u00d3TEO &nbsp; O Banco Central (BC) anunciou que oferecer\u00e1 US$ 3 bilh\u00f5es em leil\u00e3o de linha na pr\u00f3xima segunda-feira, com liquida\u00e7\u00e3o em 2 de agosto. Em nota, a autoridade monet\u00e1ria informou que continuar\u00e1 a ofertar contratos de swap cambial, de acordo com as condi\u00e7\u00f5es de mercado, para prover liquidez e contribuir para o [&hellip;]<\/p>\n","protected":false},"author":22,"featured_media":0,"comment_status":"open","ping_status":"closed","sticky":false,"template":"","format":"standard","meta":{"footnotes":""},"categories":[600],"tags":[106,4,342,1030],"class_list":["post-8501","post","type-post","status-publish","format-standard","hentry","category-economia","tag-bc","tag-juros","tag-leilao-de-linha","tag-swap-cambial"],"_links":{"self":[{"href":"https:\/\/blogs.correiobraziliense.com.br\/vicente\/wp-json\/wp\/v2\/posts\/8501","targetHints":{"allow":["GET"]}}],"collection":[{"href":"https:\/\/blogs.correiobraziliense.com.br\/vicente\/wp-json\/wp\/v2\/posts"}],"about":[{"href":"https:\/\/blogs.correiobraziliense.com.br\/vicente\/wp-json\/wp\/v2\/types\/post"}],"author":[{"embeddable":true,"href":"https:\/\/blogs.correiobraziliense.com.br\/vicente\/wp-json\/wp\/v2\/users\/22"}],"replies":[{"embeddable":true,"href":"https:\/\/blogs.correiobraziliense.com.br\/vicente\/wp-json\/wp\/v2\/comments?post=8501"}],"version-history":[{"count":5,"href":"https:\/\/blogs.correiobraziliense.com.br\/vicente\/wp-json\/wp\/v2\/posts\/8501\/revisions"}],"predecessor-version":[{"id":8506,"href":"https:\/\/blogs.correiobraziliense.com.br\/vicente\/wp-json\/wp\/v2\/posts\/8501\/revisions\/8506"}],"wp:attachment":[{"href":"https:\/\/blogs.correiobraziliense.com.br\/vicente\/wp-json\/wp\/v2\/media?parent=8501"}],"wp:term":[{"taxonomy":"category","embeddable":true,"href":"https:\/\/blogs.correiobraziliense.com.br\/vicente\/wp-json\/wp\/v2\/categories?post=8501"},{"taxonomy":"post_tag","embeddable":true,"href":"https:\/\/blogs.correiobraziliense.com.br\/vicente\/wp-json\/wp\/v2\/tags?post=8501"}],"curies":[{"name":"wp","href":"https:\/\/api.w.org\/{rel}","templated":true}]}}