{"id":8496,"date":"2018-06-22T06:43:07","date_gmt":"2018-06-22T09:43:07","guid":{"rendered":"https:\/\/blogs.correiobraziliense.com.br\/vicente\/?p=8496"},"modified":"2018-06-22T12:57:24","modified_gmt":"2018-06-22T15:57:24","slug":"julgamento-de-lula-eleva-tensao-no-supremo-tribunal","status":"publish","type":"post","link":"https:\/\/blogs.correiobraziliense.com.br\/vicente\/julgamento-de-lula-eleva-tensao-no-supremo-tribunal\/","title":{"rendered":"Julgamento de Lula eleva a tens\u00e3o no Supremo Tribunal"},"content":{"rendered":"<p>DENISE ROTHENBURG<\/p>\n<p>&nbsp;<\/p>\n<p>O PT prepara uma vig\u00edlia em frente do Supremo Tribunal Federal para esta ter\u00e7a-feira (26\/06), quando a 2\u00aa Turma julgar\u00e1 um novo pedido de liberdade do ex-presidente Lula com suspens\u00e3o dos efeitos da senten\u00e7a, ou seja, a inelegibilidade. A ansiedade impera porque, at\u00e9 dentro do Supremo, h\u00e1 ministros preocupados com a possibilidade de os integrantes da 2\u00aa Turma optarem por um meio termo: deixar Lula aguardar fora da pris\u00e3o o julgamento nas demais inst\u00e2ncias, mas n\u00e3o acolher o pedido de suspens\u00e3o dos efeitos da pena, ou seja, a inelegibilidade.<\/p>\n<p>&nbsp;<\/p>\n<p>Afinal, uma coisa \u00e9 suspender a execu\u00e7\u00e3o da pena, algo poss\u00edvel. Por\u00e9m, n\u00e3o d\u00e1 para o Supremo dizer desde j\u00e1 que o presidente pode ser candidato, uma vez que essa quest\u00e3o tem que passar primeiro pelo Tribunal Superior Eleitoral (TSE).<\/p>\n<p>&nbsp;<\/p>\n<p>Enquanto alguns ministros deixam transparecer suas preocupa\u00e7\u00f5es, outros consideram que o PT pode fazer barulho, mas n\u00e3o conseguir\u00e1 soltar Lula. \u00c9 que, na pr\u00e1tica, conforme avaliam juristas, n\u00e3o h\u00e1 diferen\u00e7a entre esse pedido feito por medida cautelar e os habeas Corpus j\u00e1 julgados pelo STF, como aquele de 10 de maio, quando a 2\u00aa Turma optou pela manuten\u00e7\u00e3o da pris\u00e3o do ex-presidente.<\/p>\n<p>&nbsp;<\/p>\n<p>Na d\u00favida, os petistas v\u00e3o fazer coro para dizer que o caso de Gleisi Hoffmann, absolvida num dos processos de corrup\u00e7\u00e3o, e o de Lula, j\u00e1 condenado, s\u00e3o iguais, mas n\u00e3o s\u00e3o. Gleisi \u00e9 senadora e seu processo se baseava apenas em uma dela\u00e7\u00e3o premiada. O caso do triplex no Guaruj\u00e1 n\u00e3o ficou apenas na palavra do delator contra a do ex-presidente. Na avalia\u00e7\u00e3o da Justi\u00e7a, havia provas. \u00c9 nesse clima de confronto que a 2\u00aa turma analisar\u00e1 mais uma vez o destino de Lula.<\/p>\n<p>&nbsp;<\/p>\n<p>Onde mora o perigo<\/p>\n<p>&nbsp;<\/p>\n<p>Os partidos \u00e0 esquerda n\u00e3o querem nem cogitar a hip\u00f3tese de o STF soltar Lula, mas n\u00e3o lhe garantir a candidatura. \u00c9 que, nesse caso, o petista prontamente percorreria o pa\u00eds nessa fase \u201capagando\u201d os advers\u00e1rios de esquerda. Por\u00e9m, n\u00e3o passaria a garantia da candidatura, considerada condi\u00e7\u00e3o primordial para atrair aliados. Logo, o debate continuar\u00e1 travado e com o n\u00e3o candidato no papel de favorito.<\/p>\n<p>&nbsp;<\/p>\n<p>Onde mora a t\u00e1tica<\/p>\n<p>&nbsp;<\/p>\n<p>Lula n\u00e3o est\u00e1 nem a\u00ed para a preocupa\u00e7\u00e3o dos partidos de esquerda. Ele sabe que apenas um milagre far\u00e1 dele candidato, mas vai jogar com o tempo. Como a campanha s\u00f3 come\u00e7a em agosto, ele tem at\u00e9 l\u00e1 para ver qual o melhor nome do PT para substitu\u00ed-lo.<\/p>\n<p>&nbsp;<\/p>\n<p><em>Bras\u00edlia, 06h43min<\/em><\/p>\n","protected":false},"excerpt":{"rendered":"<p>DENISE ROTHENBURG &nbsp; O PT prepara uma vig\u00edlia em frente do Supremo Tribunal Federal para esta ter\u00e7a-feira (26\/06), quando a 2\u00aa Turma julgar\u00e1 um novo pedido de liberdade do ex-presidente Lula com suspens\u00e3o dos efeitos da senten\u00e7a, ou seja, a inelegibilidade. A ansiedade impera porque, at\u00e9 dentro do Supremo, h\u00e1 ministros preocupados com a possibilidade [&hellip;]<\/p>\n","protected":false},"author":22,"featured_media":0,"comment_status":"open","ping_status":"closed","sticky":false,"template":"","format":"standard","meta":{"footnotes":""},"categories":[600],"tags":[3480,3481,3051,3479,23,192,2646],"class_list":["post-8496","post","type-post","status-publish","format-standard","hentry","category-economia","tag-cadeia","tag-eleicao","tag-julgamento","tag-libertacao","tag-lula","tag-stf","tag-supremo"],"_links":{"self":[{"href":"https:\/\/blogs.correiobraziliense.com.br\/vicente\/wp-json\/wp\/v2\/posts\/8496","targetHints":{"allow":["GET"]}}],"collection":[{"href":"https:\/\/blogs.correiobraziliense.com.br\/vicente\/wp-json\/wp\/v2\/posts"}],"about":[{"href":"https:\/\/blogs.correiobraziliense.com.br\/vicente\/wp-json\/wp\/v2\/types\/post"}],"author":[{"embeddable":true,"href":"https:\/\/blogs.correiobraziliense.com.br\/vicente\/wp-json\/wp\/v2\/users\/22"}],"replies":[{"embeddable":true,"href":"https:\/\/blogs.correiobraziliense.com.br\/vicente\/wp-json\/wp\/v2\/comments?post=8496"}],"version-history":[{"count":1,"href":"https:\/\/blogs.correiobraziliense.com.br\/vicente\/wp-json\/wp\/v2\/posts\/8496\/revisions"}],"predecessor-version":[{"id":8497,"href":"https:\/\/blogs.correiobraziliense.com.br\/vicente\/wp-json\/wp\/v2\/posts\/8496\/revisions\/8497"}],"wp:attachment":[{"href":"https:\/\/blogs.correiobraziliense.com.br\/vicente\/wp-json\/wp\/v2\/media?parent=8496"}],"wp:term":[{"taxonomy":"category","embeddable":true,"href":"https:\/\/blogs.correiobraziliense.com.br\/vicente\/wp-json\/wp\/v2\/categories?post=8496"},{"taxonomy":"post_tag","embeddable":true,"href":"https:\/\/blogs.correiobraziliense.com.br\/vicente\/wp-json\/wp\/v2\/tags?post=8496"}],"curies":[{"name":"wp","href":"https:\/\/api.w.org\/{rel}","templated":true}]}}