{"id":8492,"date":"2018-06-21T18:45:17","date_gmt":"2018-06-21T21:45:17","guid":{"rendered":"https:\/\/blogs.correiobraziliense.com.br\/vicente\/?p=8492"},"modified":"2018-06-21T19:33:27","modified_gmt":"2018-06-21T22:33:27","slug":"kit-greve-levara-inflacao-de-junho-para-122-preve-economista","status":"publish","type":"post","link":"https:\/\/blogs.correiobraziliense.com.br\/vicente\/kit-greve-levara-inflacao-de-junho-para-122-preve-economista\/","title":{"rendered":"Kit greve levar\u00e1 infla\u00e7\u00e3o de junho para 1,22%, prev\u00ea economista"},"content":{"rendered":"<h2>Economista s\u00eanior do Instituto Brasileiro de Economia (Ibre) da Funda\u00e7\u00e3o Getulio Vargas (FGV), Carlos Thadeu Filho prev\u00ea que a infla\u00e7\u00e3o de junho ficar\u00e1 em 1,22%, n\u00edvel considerado alt\u00edssimo diante do hist\u00f3rico dos \u00faltimos meses. Ele ressalta que os reajustes est\u00e3o disseminados e fazem parte do kit greve dos caminhoneiros. Para o ano, Thadeu prev\u00ea alta de 4,35%.<\/h2>\n<p>&nbsp;<\/p>\n<p>Segundo o economista, a paralisa\u00e7\u00e3o dos transportadores de cargas provocou alta, sobretudo, das prote\u00ednas animais. Todas as carnes ficaram mais caras. Tamb\u00e9m subiram muito os pre\u00e7os de frutas e legumes, al\u00e9m da gasolina, do etanol e da energia el\u00e9trica. &#8220;Estamos vendo um choque de pre\u00e7os de segunda ordem&#8221;, afirma Thadeu.<\/p>\n<p>&nbsp;<\/p>\n<p>Ele ressalta, por\u00e9m, que os aumentos de pre\u00e7os tender\u00e3o a se dissipar ao longo dos pr\u00f3ximos meses. Caso o petr\u00f3leo continue em queda no mercado internacional, \u00e9 poss\u00edvel que\u00a0o \u00cdndice de Pre\u00e7os ao Consumidor Amplo (IPCA) de agosto fique pr\u00f3ximo de zero, devido ao recuo dos pre\u00e7os dos combust\u00edveis. Seria um quadro favor\u00e1vel ao Banco Central, que manteve a taxa b\u00e1sica de juros (Selic) inalterada em 6,50% ao ano.<\/p>\n<p>&nbsp;<\/p>\n<p>Na avalia\u00e7\u00e3o de Thadeu, mesmo com a infla\u00e7\u00e3o mais alta, o BC n\u00e3o deve elevar os juros nos pr\u00f3ximos meses. Isso s\u00f3 ocorrer\u00e1 se o d\u00f3lar superar os R$ 4,10. O BC prev\u00ea que, mantida a cota\u00e7\u00e3o de R$ 3,70 at\u00e9 o fim do ano, com a Selic a 6,50%, a infla\u00e7\u00e3o deste ano e do pr\u00f3ximo ficar\u00e1 acima de 4%, bem pr\u00f3xima do centro da meta, de 4,5% e 4,25%, respectivamente.<\/p>\n<p>&nbsp;<\/p>\n<p>Pelos c\u00e1lculos do Instituto Brasileiro de Geografia e Estat\u00edstica (IBGE), o IPCA-15, a pr\u00e9via da infla\u00e7\u00e3o oficial, atingiu 1,11% em junho, superando todas as estimativas do mercado. Foi a maior pr\u00e9via para meses de de junho desde 1995. O resultado causou desconforto entre os analistas e no governo, que usa a infla\u00e7\u00e3o baixa como um dos poucos trunfos do presidente Michel Temer.<\/p>\n<p>&nbsp;<\/p>\n<p>O governo acredita que os efeitos da greve dos caminhoneiros na infla\u00e7\u00e3o ser\u00e3o passageiros. E que n\u00e3o haver\u00e1 motivos para o Banco Central aumentar a taxa de juros neste ano. A torcida \u00e9 para que essa decis\u00e3o t\u00e3o impopular fique para o pr\u00f3ximo presidente.<\/p>\n<p>&nbsp;<\/p>\n<p><em>Bras\u00edlia, 18h45min<\/em><\/p>\n","protected":false},"excerpt":{"rendered":"<p>Economista s\u00eanior do Instituto Brasileiro de Economia (Ibre) da Funda\u00e7\u00e3o Getulio Vargas (FGV), Carlos Thadeu Filho prev\u00ea que a infla\u00e7\u00e3o de junho ficar\u00e1 em 1,22%, n\u00edvel considerado alt\u00edssimo diante do hist\u00f3rico dos \u00faltimos meses. Ele ressalta que os reajustes est\u00e3o disseminados e fazem parte do kit greve dos caminhoneiros. Para o ano, Thadeu prev\u00ea alta [&hellip;]<\/p>\n","protected":false},"author":22,"featured_media":0,"comment_status":"open","ping_status":"closed","sticky":false,"template":"","format":"standard","meta":{"footnotes":""},"categories":[600],"tags":[608,14,1213,4],"class_list":["post-8492","post","type-post","status-publish","format-standard","hentry","category-economia","tag-carlos-thadeu-filho","tag-inflacao","tag-ipca","tag-juros"],"_links":{"self":[{"href":"https:\/\/blogs.correiobraziliense.com.br\/vicente\/wp-json\/wp\/v2\/posts\/8492","targetHints":{"allow":["GET"]}}],"collection":[{"href":"https:\/\/blogs.correiobraziliense.com.br\/vicente\/wp-json\/wp\/v2\/posts"}],"about":[{"href":"https:\/\/blogs.correiobraziliense.com.br\/vicente\/wp-json\/wp\/v2\/types\/post"}],"author":[{"embeddable":true,"href":"https:\/\/blogs.correiobraziliense.com.br\/vicente\/wp-json\/wp\/v2\/users\/22"}],"replies":[{"embeddable":true,"href":"https:\/\/blogs.correiobraziliense.com.br\/vicente\/wp-json\/wp\/v2\/comments?post=8492"}],"version-history":[{"count":1,"href":"https:\/\/blogs.correiobraziliense.com.br\/vicente\/wp-json\/wp\/v2\/posts\/8492\/revisions"}],"predecessor-version":[{"id":8493,"href":"https:\/\/blogs.correiobraziliense.com.br\/vicente\/wp-json\/wp\/v2\/posts\/8492\/revisions\/8493"}],"wp:attachment":[{"href":"https:\/\/blogs.correiobraziliense.com.br\/vicente\/wp-json\/wp\/v2\/media?parent=8492"}],"wp:term":[{"taxonomy":"category","embeddable":true,"href":"https:\/\/blogs.correiobraziliense.com.br\/vicente\/wp-json\/wp\/v2\/categories?post=8492"},{"taxonomy":"post_tag","embeddable":true,"href":"https:\/\/blogs.correiobraziliense.com.br\/vicente\/wp-json\/wp\/v2\/tags?post=8492"}],"curies":[{"name":"wp","href":"https:\/\/api.w.org\/{rel}","templated":true}]}}