{"id":8482,"date":"2018-06-21T17:03:04","date_gmt":"2018-06-21T20:03:04","guid":{"rendered":"https:\/\/blogs.correiobraziliense.com.br\/vicente\/?p=8482"},"modified":"2018-06-21T18:20:49","modified_gmt":"2018-06-21T21:20:49","slug":"planejamento-libera-todos-servidores-para-trabalhar-em-dias-de-jogos","status":"publish","type":"post","link":"https:\/\/blogs.correiobraziliense.com.br\/vicente\/planejamento-libera-todos-servidores-para-trabalhar-em-dias-de-jogos\/","title":{"rendered":"Planejamento libera todos servidores para trabalhar em dias de jogos"},"content":{"rendered":"<h2>Diante da enxurrada de liminares na Justi\u00e7a, o Minist\u00e9rio do Planejamento vai editar, na sexta-feira (22\/06), uma portaria dando aos servidores a op\u00e7\u00e3o de trabalharem em dias de jogos do Brasil. Quem quiser ir para a reparti\u00e7\u00e3o e ver as partidas l\u00e1 poder\u00e1 faz\u00ea-lo normalmente. Quem quiser ver o jogo em outro lugar e, depois, ir para o trabalho, tamb\u00e9m ter\u00e1 essa op\u00e7\u00e3o, mas desde que compense as horas.<\/h2>\n<p>&nbsp;<\/p>\n<p>Com essa decis\u00e3o, o Planejamento quer uniformizar o funcionamento do setor p\u00fablico. N\u00e3o havia, segundo o minist\u00e9rio, como definir tratamento diferenciado com base em liminares. Pela portaria anterior, o Planejamento estipulava que, nos dias de jogos do Brasil pela manh\u00e3, os \u00f3rg\u00e3os federais s\u00f3 come\u00e7ariam a funcionar a partir das 13h. Nos dias de partidas na parte da tarde, o expediente seria encerrado \u00e0s 13h.<\/p>\n<p>&nbsp;<\/p>\n<p>A meta do Planejamento, ao manter as reparti\u00e7\u00f5es p\u00fablicas fechadas meio expediente em dias de partidas do Brasil era economizar. Mas v\u00e1rias carreiras come\u00e7aram a questionar a decis\u00e3o. Foi o caso dos m\u00e9dicos peritos do Instituto Nacional do Seguro Social (INSS). Eles recorreram aos tribunais para ter liberdade de escolha. E sa\u00edram vitoriosos.<\/p>\n<p>&nbsp;<\/p>\n<p>No entender do Planejamento, a nova portaria dar\u00e1 racionalidade ao funcionamento do governo federal. Agora, o que todos est\u00e3o se perguntando \u00e9 se as carreiras que recorreram \u00e0 Justi\u00e7a para trabalhar em dias de jogos do Brasil realmente v\u00e3o comparecer \u00e0s reparti\u00e7\u00f5es. De nada adiantar\u00e1 fazer tanto barulho apenas para n\u00e3o compensar as horas n\u00e3o trabalhadas. Essa \u00e9 a impress\u00e3o de muitos.<\/p>\n<p>&nbsp;<\/p>\n<p>Tradicionalmente, a Esplanada dos Minist\u00e9rios fica vazia em dias de jogos do Brasil na Copa. O desejo de v\u00e1rias carreiras em trabalhar nos hor\u00e1rios das partidas pode estar vinculado ao desinteresse pelo campeonato mundial, diante do p\u00e9ssimo momento vivido pelo pa\u00eds, com crise econ\u00f4mica, pol\u00edtica e \u00e9tica.<\/p>\n<p>&nbsp;<\/p>\n<p>Assim como os servidores est\u00e3o exigindo trabalhar durante os jogos do Brasil na Copa, \u00e9 preciso que aqueles que tamb\u00e9m n\u00e3o t\u00eam interesse em assistir as partidas possam ser atendidos pelas reparti\u00e7\u00f5es p\u00fablicas. Os consumidores n\u00e3o podem dar com a cara na porta.<\/p>\n<p>&nbsp;<\/p>\n<p><em>Bras\u00edlia, 17h03min<\/em><\/p>\n<p>&nbsp;<\/p>\n<p>&nbsp;<\/p>\n","protected":false},"excerpt":{"rendered":"<p>Diante da enxurrada de liminares na Justi\u00e7a, o Minist\u00e9rio do Planejamento vai editar, na sexta-feira (22\/06), uma portaria dando aos servidores a op\u00e7\u00e3o de trabalharem em dias de jogos do Brasil. Quem quiser ir para a reparti\u00e7\u00e3o e ver as partidas l\u00e1 poder\u00e1 faz\u00ea-lo normalmente. Quem quiser ver o jogo em outro lugar e, depois, [&hellip;]<\/p>\n","protected":false},"author":22,"featured_media":0,"comment_status":"open","ping_status":"closed","sticky":false,"template":"","format":"standard","meta":{"footnotes":""},"categories":[600],"tags":[378,3476,408,3472,847,123],"class_list":["post-8482","post","type-post","status-publish","format-standard","hentry","category-economia","tag-brasil","tag-copa","tag-inss","tag-jogos","tag-planejamento","tag-servidores"],"_links":{"self":[{"href":"https:\/\/blogs.correiobraziliense.com.br\/vicente\/wp-json\/wp\/v2\/posts\/8482","targetHints":{"allow":["GET"]}}],"collection":[{"href":"https:\/\/blogs.correiobraziliense.com.br\/vicente\/wp-json\/wp\/v2\/posts"}],"about":[{"href":"https:\/\/blogs.correiobraziliense.com.br\/vicente\/wp-json\/wp\/v2\/types\/post"}],"author":[{"embeddable":true,"href":"https:\/\/blogs.correiobraziliense.com.br\/vicente\/wp-json\/wp\/v2\/users\/22"}],"replies":[{"embeddable":true,"href":"https:\/\/blogs.correiobraziliense.com.br\/vicente\/wp-json\/wp\/v2\/comments?post=8482"}],"version-history":[{"count":9,"href":"https:\/\/blogs.correiobraziliense.com.br\/vicente\/wp-json\/wp\/v2\/posts\/8482\/revisions"}],"predecessor-version":[{"id":8491,"href":"https:\/\/blogs.correiobraziliense.com.br\/vicente\/wp-json\/wp\/v2\/posts\/8482\/revisions\/8491"}],"wp:attachment":[{"href":"https:\/\/blogs.correiobraziliense.com.br\/vicente\/wp-json\/wp\/v2\/media?parent=8482"}],"wp:term":[{"taxonomy":"category","embeddable":true,"href":"https:\/\/blogs.correiobraziliense.com.br\/vicente\/wp-json\/wp\/v2\/categories?post=8482"},{"taxonomy":"post_tag","embeddable":true,"href":"https:\/\/blogs.correiobraziliense.com.br\/vicente\/wp-json\/wp\/v2\/tags?post=8482"}],"curies":[{"name":"wp","href":"https:\/\/api.w.org\/{rel}","templated":true}]}}