{"id":8475,"date":"2018-06-21T09:24:09","date_gmt":"2018-06-21T12:24:09","guid":{"rendered":"https:\/\/blogs.correiobraziliense.com.br\/vicente\/?p=8475"},"modified":"2018-06-21T09:25:45","modified_gmt":"2018-06-21T12:25:45","slug":"apos-greve-dos-caminhoneiros-ipca-15-acelera-111-em-junho","status":"publish","type":"post","link":"https:\/\/blogs.correiobraziliense.com.br\/vicente\/apos-greve-dos-caminhoneiros-ipca-15-acelera-111-em-junho\/","title":{"rendered":"Ap\u00f3s greve dos caminhoneiros, IPCA-15 acelera 1,11% em junho"},"content":{"rendered":"<h2>HAMILTON FERRARI<\/h2>\n<h2><\/h2>\n<h2>Diante da paralisa\u00e7\u00e3o dos caminhoneiros, que ocorreu no final de maio e in\u00edcio de junho, o \u00cdndice Nacional de Pre\u00e7os ao Consumidor Amplo 15 (IPCA-15) deste m\u00eas subiu 1,11%, o maior resultado desde 1996. O indicador \u00e9 considerado uma pr\u00e9via da infla\u00e7\u00e3o oficial para o m\u00eas.<\/h2>\n<p>&nbsp;<\/p>\n<p>De janeiro a junho, a taxa subiu 2,35%, enquanto a varia\u00e7\u00e3o foi de 3,68% no acumulado de 12 meses. Os dados foram divulgados na manh\u00e3 desta quinta-feira (21\/6) pelo Instituto Brasileiro de Geografia e Estat\u00edstica (IBGE).<\/p>\n<p>&nbsp;<\/p>\n<p>Com o resultado, a medida de infla\u00e7\u00e3o, que estava em 2,7% no acumulado de 12 meses at\u00e9 maio, saltou 0,98 ponto percentual em junho. Segundo o instituto, houve uma forte acelera\u00e7\u00e3o nos pre\u00e7os.<\/p>\n<p>&nbsp;<\/p>\n<p>A greve dos transportadores provocou uma alta desenfreada dos produtos e servi\u00e7os, principalmente dos combust\u00edveis, que registrou aumento de 5,94% no m\u00eas analisado. A gasolina subiu 6,98%, enquanto diesel e o etanol avan\u00e7aram 3,06% e 2,36%, respectivamente. O grupo de transportes avan\u00e7ou 1,95% no m\u00eas.<\/p>\n<p>&nbsp;<\/p>\n<p>Tamb\u00e9m ocorreu alta em alimenta\u00e7\u00e3o e bebidas (1,57%) e habita\u00e7\u00e3o (1,74%). Juntos ao grupo de transportes, os tr\u00eas contribu\u00edram com 1,01 ponto percentual para o avan\u00e7o da infla\u00e7\u00e3o.<\/p>\n<p>&nbsp;<\/p>\n<p>Nos alimentos, houve uma expans\u00e3o de 2,31% nos produtos para domic\u00edlio, com destaque para batata-inglesa (45,12%), cebola (19,95%), tomate (14,15%), leite longa vida (5,59%), carnes (2,35%) e frutas (2,03%). A alimenta\u00e7\u00e3o fora de casa subiu 0,29%.<\/p>\n<p>&nbsp;<\/p>\n<p>J\u00e1 no grupo de habita\u00e7\u00e3o, a alta foi de 1,74%, influenciada pela bandeira tarif\u00e1ria vermelha patamar 2, que aumentou a energia el\u00e9trica em 5,44%. A cobran\u00e7a \u00e9 de R$ 0,05 a cada kwh consumido. Os itens g\u00e1s encanado e taxa de \u00e1gua e esgoto avan\u00e7aram 1,7% e 0,77%, respectivamente.<\/p>\n<p>&nbsp;<\/p>\n<p>Nos demais grupos, apenas vestu\u00e1rios apresentou defla\u00e7\u00e3o (-0,08%). Artigos de resid\u00eancia (0,38%), sa\u00fade e cuidados pessoais (0,55%), educa\u00e7\u00e3o (0,01%), comunica\u00e7\u00e3o (0,02%) e despesas pessoais (0,22%) completam a lista.<\/p>\n<p>&nbsp;<\/p>\n<p>Segundo analistas, a expectativa \u00e9 de que, de modo geral, haja uma normaliza\u00e7\u00e3o dos pre\u00e7os em julho. Mesmo assim, a recente desvaloriza\u00e7\u00e3o do real frente ao d\u00f3lar deve pressionar o \u00edndice, impactando principalmente os produtos importados e os combust\u00edveis.<\/p>\n<p>&nbsp;<\/p>\n<p>Bras\u00edlia, 9h18min<\/p>\n","protected":false},"excerpt":{"rendered":"<p>HAMILTON FERRARI Diante da paralisa\u00e7\u00e3o dos caminhoneiros, que ocorreu no final de maio e in\u00edcio de junho, o \u00cdndice Nacional de Pre\u00e7os ao Consumidor Amplo 15 (IPCA-15) deste m\u00eas subiu 1,11%, o maior resultado desde 1996. O indicador \u00e9 considerado uma pr\u00e9via da infla\u00e7\u00e3o oficial para o m\u00eas. &nbsp; De janeiro a junho, a taxa [&hellip;]<\/p>\n","protected":false},"author":22,"featured_media":0,"comment_status":"open","ping_status":"closed","sticky":false,"template":"","format":"standard","meta":{"footnotes":""},"categories":[600],"tags":[14,1916,353,390],"class_list":["post-8475","post","type-post","status-publish","format-standard","hentry","category-economia","tag-inflacao","tag-ipca-15","tag-paralisacao","tag-precos"],"_links":{"self":[{"href":"https:\/\/blogs.correiobraziliense.com.br\/vicente\/wp-json\/wp\/v2\/posts\/8475","targetHints":{"allow":["GET"]}}],"collection":[{"href":"https:\/\/blogs.correiobraziliense.com.br\/vicente\/wp-json\/wp\/v2\/posts"}],"about":[{"href":"https:\/\/blogs.correiobraziliense.com.br\/vicente\/wp-json\/wp\/v2\/types\/post"}],"author":[{"embeddable":true,"href":"https:\/\/blogs.correiobraziliense.com.br\/vicente\/wp-json\/wp\/v2\/users\/22"}],"replies":[{"embeddable":true,"href":"https:\/\/blogs.correiobraziliense.com.br\/vicente\/wp-json\/wp\/v2\/comments?post=8475"}],"version-history":[{"count":4,"href":"https:\/\/blogs.correiobraziliense.com.br\/vicente\/wp-json\/wp\/v2\/posts\/8475\/revisions"}],"predecessor-version":[{"id":8479,"href":"https:\/\/blogs.correiobraziliense.com.br\/vicente\/wp-json\/wp\/v2\/posts\/8475\/revisions\/8479"}],"wp:attachment":[{"href":"https:\/\/blogs.correiobraziliense.com.br\/vicente\/wp-json\/wp\/v2\/media?parent=8475"}],"wp:term":[{"taxonomy":"category","embeddable":true,"href":"https:\/\/blogs.correiobraziliense.com.br\/vicente\/wp-json\/wp\/v2\/categories?post=8475"},{"taxonomy":"post_tag","embeddable":true,"href":"https:\/\/blogs.correiobraziliense.com.br\/vicente\/wp-json\/wp\/v2\/tags?post=8475"}],"curies":[{"name":"wp","href":"https:\/\/api.w.org\/{rel}","templated":true}]}}