{"id":8469,"date":"2018-06-20T19:01:15","date_gmt":"2018-06-20T22:01:15","guid":{"rendered":"https:\/\/blogs.correiobraziliense.com.br\/vicente\/?p=8469"},"modified":"2018-06-20T19:19:46","modified_gmt":"2018-06-20T22:19:46","slug":"peritos-do-inss-terao-que-trabalhar-nos-dias-de-jogos-do-brasil","status":"publish","type":"post","link":"https:\/\/blogs.correiobraziliense.com.br\/vicente\/peritos-do-inss-terao-que-trabalhar-nos-dias-de-jogos-do-brasil\/","title":{"rendered":"Peritos do INSS ter\u00e3o que trabalhar nos dias de jogos do Brasil"},"content":{"rendered":"<h2>GABRIEL MENDON\u00c7A, especial para o <strong>Blog<\/strong><\/h2>\n<h2><\/h2>\n<h2>Em decis\u00e3o na tarde desta quarta-feira (20\/06), o ministro Napole\u00e3o Nunes Maia, do Superior Tribunal de Justi\u00e7a (STJ), determinou que os m\u00e9dicos peritos do Instituto Nacional do Seguro Social (INSS) trabalhem normalmente durante os jogos da Sele\u00e7\u00e3o Brasileira na Copa do Mundo da R\u00fassia.<\/h2>\n<p>&nbsp;<\/p>\n<p>A categoria questionou na Justi\u00e7a a Portaria 143\/18 do Minist\u00e9rio do Planejamento, que estabelece hor\u00e1rios especiais para os servidores p\u00fablicos federais durante as partidas da Sele\u00e7\u00e3o. Foi dado o direito ao servidores de s\u00f3 entrarem no trabalho a partir das 13 horas nos dias de jogos pela manh\u00e3 e de trabalharem at\u00e9 \u00e0s 13h nos dias de partidas na parte da tarde. Todos ter\u00e3o, por\u00e9m, que compensar as horas n\u00e3o trabalhadas.<\/p>\n<p>&nbsp;<\/p>\n<p>O ministro Napole\u00e3o entendeu que a portaria do Planejamento imputou obriga\u00e7\u00e3o \u201cirrazo\u00e1vel\u201d aos servidores, j\u00e1 que a administra\u00e7\u00e3o p\u00fablica optou, de forma unilateral, pela redu\u00e7\u00e3o do expediente, sem que houvesse possibilidade de que os peritos m\u00e9dicos trabalhassem normalmente em suas unidades de lota\u00e7\u00e3o.<\/p>\n<p>&nbsp;<\/p>\n<p>O ministro tamb\u00e9m acatou o argumento de que, caso fosse mantida a regulamenta\u00e7\u00e3o do expediente especial, haveria a possibilidade de choque de hor\u00e1rios nas situa\u00e7\u00f5es em que os servidores acumulam legalmente dois cargos p\u00fablicos. Assim, deixou em aberto ao servidor m\u00e9dico a decis\u00e3o de trabalhar para n\u00e3o ser obrigado a compensar depois.<\/p>\n<p>&nbsp;<\/p>\n<p>A decis\u00e3o do STJ abre um precedente para que outras categorias tamb\u00e9m questionem o hor\u00e1rio especial na Justi\u00e7a. O Minist\u00e9rio do Planejamento informou, por meio de nota, que acionou a Advocacia Geral da Uni\u00e3o(AGU)\u00a0 para que recorra da decis\u00e3o.<\/p>\n<p>&nbsp;<\/p>\n<p>O que se diz na Esplanada, por\u00e9m, \u00e9 de que os peritos n\u00e3o v\u00e3o trabalhar nem compensar as horas. Na verdade, s\u00f3 recorreram \u00e0 Justi\u00e7a para ter um argumento legal a fim de justificar a aus\u00eancia nos postos do INSS. Resta saber se o INSS vai fiscalizar as ag\u00eancias para garantir o que os peritos pediram \u00e0 Justi\u00e7a: o direito de trabalhar em dias de jogos do Brasil.<\/p>\n<p>&nbsp;<\/p>\n<p><em>Bras\u00edlia, 19h01min<\/em><\/p>\n","protected":false},"excerpt":{"rendered":"<p>GABRIEL MENDON\u00c7A, especial para o Blog Em decis\u00e3o na tarde desta quarta-feira (20\/06), o ministro Napole\u00e3o Nunes Maia, do Superior Tribunal de Justi\u00e7a (STJ), determinou que os m\u00e9dicos peritos do Instituto Nacional do Seguro Social (INSS) trabalhem normalmente durante os jogos da Sele\u00e7\u00e3o Brasileira na Copa do Mundo da R\u00fassia. &nbsp; A categoria questionou na [&hellip;]<\/p>\n","protected":false},"author":22,"featured_media":0,"comment_status":"open","ping_status":"closed","sticky":false,"template":"","format":"standard","meta":{"footnotes":""},"categories":[600],"tags":[3297,408,3472,2414,3471,2307],"class_list":["post-8469","post","type-post","status-publish","format-standard","hentry","category-economia","tag-copa-do-mundo","tag-inss","tag-jogos","tag-medicos","tag-peritos","tag-trabalho"],"_links":{"self":[{"href":"https:\/\/blogs.correiobraziliense.com.br\/vicente\/wp-json\/wp\/v2\/posts\/8469","targetHints":{"allow":["GET"]}}],"collection":[{"href":"https:\/\/blogs.correiobraziliense.com.br\/vicente\/wp-json\/wp\/v2\/posts"}],"about":[{"href":"https:\/\/blogs.correiobraziliense.com.br\/vicente\/wp-json\/wp\/v2\/types\/post"}],"author":[{"embeddable":true,"href":"https:\/\/blogs.correiobraziliense.com.br\/vicente\/wp-json\/wp\/v2\/users\/22"}],"replies":[{"embeddable":true,"href":"https:\/\/blogs.correiobraziliense.com.br\/vicente\/wp-json\/wp\/v2\/comments?post=8469"}],"version-history":[{"count":1,"href":"https:\/\/blogs.correiobraziliense.com.br\/vicente\/wp-json\/wp\/v2\/posts\/8469\/revisions"}],"predecessor-version":[{"id":8470,"href":"https:\/\/blogs.correiobraziliense.com.br\/vicente\/wp-json\/wp\/v2\/posts\/8469\/revisions\/8470"}],"wp:attachment":[{"href":"https:\/\/blogs.correiobraziliense.com.br\/vicente\/wp-json\/wp\/v2\/media?parent=8469"}],"wp:term":[{"taxonomy":"category","embeddable":true,"href":"https:\/\/blogs.correiobraziliense.com.br\/vicente\/wp-json\/wp\/v2\/categories?post=8469"},{"taxonomy":"post_tag","embeddable":true,"href":"https:\/\/blogs.correiobraziliense.com.br\/vicente\/wp-json\/wp\/v2\/tags?post=8469"}],"curies":[{"name":"wp","href":"https:\/\/api.w.org\/{rel}","templated":true}]}}