{"id":8459,"date":"2018-06-20T18:25:10","date_gmt":"2018-06-20T21:25:10","guid":{"rendered":"https:\/\/blogs.correiobraziliense.com.br\/vicente\/?p=8459"},"modified":"2018-06-20T19:27:53","modified_gmt":"2018-06-20T22:27:53","slug":"com-dolar-r-370-inflacao-passa-de-4-em-2018-e-2019-diz-bc","status":"publish","type":"post","link":"https:\/\/blogs.correiobraziliense.com.br\/vicente\/com-dolar-r-370-inflacao-passa-de-4-em-2018-e-2019-diz-bc\/","title":{"rendered":"Com d\u00f3lar a R$ 3,70, infla\u00e7\u00e3o passa de 4% em 2018 e 2019, diz BC"},"content":{"rendered":"<p>&nbsp;<\/p>\n<h2>O Banco Central admitiu, em comunicado do Comit\u00ea de Pol\u00edtica Monet\u00e1ria (Copom), no qual explicou a decis\u00e3o de manter a taxa b\u00e1sica de juros (Selic) em 6,50% ao ano, que, com o d\u00f3lar a R$ 3,70, a infla\u00e7\u00e3o de 2018 e de 2019 ficar\u00e1 acima de 4%, bem pr\u00f3xima das metas definidas pelo Conselho Monet\u00e1rio Nacional (CMN), de 4,5% e 4,25%, respectivamente.<\/h2>\n<p>&nbsp;<\/p>\n<p>Pelos c\u00e1lculos da institui\u00e7\u00e3o, mantido o d\u00f3lar a R$ 3,70 at\u00e9 o fim do ano, assim como a taxa Selic em 6,50%, o \u00cdndice de Pre\u00e7os ao Consumidor Amplo (IPCA) fechar\u00e1 2018 em 4,2% e o pr\u00f3ximo ano em 4,1%. Portanto, a margem de manobra da autoridade monet\u00e1ria est\u00e1 se estreitando. Nesta quarta-feira (20\/06), a moeda norte-americana foi cotado a R$ 3,80, com alta de 0,88%.<\/p>\n<p>&nbsp;<\/p>\n<p>Apesar das proje\u00e7\u00f5es maiores de infla\u00e7\u00e3o, o BC acredita que, com a fragilidade da economia e desemprego elevado, ainda \u00e9 necess\u00e1rio que a taxa b\u00e1sica de juros continue estimulando a atividade, abaixo, portanto, do n\u00edvel considerado neutro, que combina crescimento do Produto Interno Bruto (PIB) e custo de vida dentro das metas.<\/p>\n<p>&nbsp;<\/p>\n<p>As proje\u00e7\u00f5es do mercado s\u00e3o de que a infla\u00e7\u00e3o de junho poder\u00e1 encostar em 1%, devido ao estrago provocado pela greve dos caminhoneiros. Com isso, depois de 11 meses, o IPCA acumulado em 12 meses ficar\u00e1 acima de 3%, o piso da meta. Essa folga, por sinal, pesou na decis\u00e3o do BC de n\u00e3o mexer na Selic agora, a despeito da press\u00e3o do mercado.<\/p>\n<p>&nbsp;<\/p>\n<p><strong>Porta aberta para alta dos juros<\/strong><\/p>\n<p>&nbsp;<\/p>\n<p>Pelo cen\u00e1rio b\u00e1sico do BC para a infla\u00e7\u00e3o, permanecem fatores de risco em ambas as dire\u00e7\u00f5es. Segundo a institui\u00e7\u00e3o, de um lado, a atividade fraca reduz o repasse de custos para os pre\u00e7os aos consumidores. De outro, a frustra\u00e7\u00e3o das expectativas sobre a continuidade das reformas e dos ajustes necess\u00e1rios na economia pode impactar as proje\u00e7\u00f5es futuras para o IPCA. Nesse caso, vai um recado para os candidatos \u00e0 Presid\u00eancia da Rep\u00fablica, para que priorizem o ajuste fiscal, a come\u00e7ar pela reforma da Previd\u00eancia.<\/p>\n<p>&nbsp;<\/p>\n<p>A decis\u00e3o do BC de n\u00e3o mexer na Selic foi un\u00e2nime. O consenso entre os diretores do BC \u00e9 de que n\u00e3o pode haver divis\u00f5es nas decis\u00f5es neste momento t\u00e3o tumultuado, em que a credibilidade da institui\u00e7\u00e3o est\u00e1 sendo colocada \u00e0 prova. O BC informa que vai monitorar o andamento da economia para definir os rumos da Selic. Mas deixou a porta aberta para elevar a Selic, se necess\u00e1rio.<\/p>\n<p>&nbsp;<\/p>\n<p>A princ\u00edpio, o BC n\u00e3o mostra disposi\u00e7\u00e3o em mexer na taxa no encontro do Copom marcado para o fim de julho. Mas, at\u00e9 l\u00e1, muita coisa vai acontecer, inclusive a defini\u00e7\u00e3o de quais ser\u00e3o os candidatos que efetivamente concorrer\u00e3o \u00e0 Presid\u00eancia da Rep\u00fablica.<\/p>\n<p>&nbsp;<\/p>\n<p><em>Bras\u00edlia, 18h25min<\/em><\/p>\n<p>&nbsp;<\/p>\n<p>&nbsp;<\/p>\n","protected":false},"excerpt":{"rendered":"<p>&nbsp; O Banco Central admitiu, em comunicado do Comit\u00ea de Pol\u00edtica Monet\u00e1ria (Copom), no qual explicou a decis\u00e3o de manter a taxa b\u00e1sica de juros (Selic) em 6,50% ao ano, que, com o d\u00f3lar a R$ 3,70, a infla\u00e7\u00e3o de 2018 e de 2019 ficar\u00e1 acima de 4%, bem pr\u00f3xima das metas definidas pelo Conselho [&hellip;]<\/p>\n","protected":false},"author":22,"featured_media":0,"comment_status":"open","ping_status":"closed","sticky":false,"template":"","format":"standard","meta":{"footnotes":""},"categories":[600],"tags":[3,99,343,14,4],"class_list":["post-8459","post","type-post","status-publish","format-standard","hentry","category-economia","tag-banco-central","tag-copom","tag-dolar","tag-inflacao","tag-juros"],"_links":{"self":[{"href":"https:\/\/blogs.correiobraziliense.com.br\/vicente\/wp-json\/wp\/v2\/posts\/8459","targetHints":{"allow":["GET"]}}],"collection":[{"href":"https:\/\/blogs.correiobraziliense.com.br\/vicente\/wp-json\/wp\/v2\/posts"}],"about":[{"href":"https:\/\/blogs.correiobraziliense.com.br\/vicente\/wp-json\/wp\/v2\/types\/post"}],"author":[{"embeddable":true,"href":"https:\/\/blogs.correiobraziliense.com.br\/vicente\/wp-json\/wp\/v2\/users\/22"}],"replies":[{"embeddable":true,"href":"https:\/\/blogs.correiobraziliense.com.br\/vicente\/wp-json\/wp\/v2\/comments?post=8459"}],"version-history":[{"count":11,"href":"https:\/\/blogs.correiobraziliense.com.br\/vicente\/wp-json\/wp\/v2\/posts\/8459\/revisions"}],"predecessor-version":[{"id":8472,"href":"https:\/\/blogs.correiobraziliense.com.br\/vicente\/wp-json\/wp\/v2\/posts\/8459\/revisions\/8472"}],"wp:attachment":[{"href":"https:\/\/blogs.correiobraziliense.com.br\/vicente\/wp-json\/wp\/v2\/media?parent=8459"}],"wp:term":[{"taxonomy":"category","embeddable":true,"href":"https:\/\/blogs.correiobraziliense.com.br\/vicente\/wp-json\/wp\/v2\/categories?post=8459"},{"taxonomy":"post_tag","embeddable":true,"href":"https:\/\/blogs.correiobraziliense.com.br\/vicente\/wp-json\/wp\/v2\/tags?post=8459"}],"curies":[{"name":"wp","href":"https:\/\/api.w.org\/{rel}","templated":true}]}}