{"id":8457,"date":"2018-06-20T18:09:47","date_gmt":"2018-06-20T21:09:47","guid":{"rendered":"https:\/\/blogs.correiobraziliense.com.br\/vicente\/?p=8457"},"modified":"2018-06-20T18:27:55","modified_gmt":"2018-06-20T21:27:55","slug":"bc-culpa-greve-dos-caminhoneiros-pela-alta-da-inflacao-e-por-pib-menor","status":"publish","type":"post","link":"https:\/\/blogs.correiobraziliense.com.br\/vicente\/bc-culpa-greve-dos-caminhoneiros-pela-alta-da-inflacao-e-por-pib-menor\/","title":{"rendered":"BC culpa greve dos caminhoneiros pela alta da infla\u00e7\u00e3o e por PIB menor"},"content":{"rendered":"<h2>O Banco Central culpou a greve dos caminhoneiros pela recente alta da infla\u00e7\u00e3o e pelas perspectivas de crescimento menor da economia. No comunicado do Comit\u00ea de Pol\u00edtica Monet\u00e1ria (Copom), no qual apresenta suas justificativas para a manuten\u00e7\u00e3o da taxa b\u00e1sica de juros (Selic) em 6,50%, a institui\u00e7\u00e3o ressaltou que, at\u00e9 abril, os dados econ\u00f4micos eram mais favor\u00e1veis.<\/h2>\n<p>&nbsp;<\/p>\n<p>&#8220;O Comit\u00ea julga que, no curto prazo, a infla\u00e7\u00e3o dever\u00e1 refletir os efeitos altistas significativos e tempor\u00e1rios da paralisa\u00e7\u00e3o no setor de transporte de cargas e de outros ajustes de pre\u00e7os relativos. As medidas de infla\u00e7\u00e3o subjacente ainda seguem em n\u00edveis baixos, inclusive os componentes mais sens\u00edveis ao ciclo econ\u00f4mico e \u00e0 pol\u00edtica monet\u00e1ria&#8221;, ressaltou.<\/p>\n<p>&nbsp;<\/p>\n<p>Sobre o crescimento, o BC disse que a evolu\u00e7\u00e3o do PIB ser\u00e1 ainda mais gradual do que o observado at\u00e9 abril. &#8220;A paralisa\u00e7\u00e3o no setor de transporte de cargas no m\u00eas de maio dificulta a leitura da evolu\u00e7\u00e3o recente da atividade econ\u00f4mica. Dados referentes ao m\u00eas de abril sugerem atividade mais consistente que nos meses anteriores. Entretanto, indicadores referentes a maio e, possivelmente, a junho dever\u00e3o refletir os efeitos da referida paralisa\u00e7\u00e3o&#8221;, destacou.<\/p>\n<p>&nbsp;<\/p>\n<p>O BC tamb\u00e9m assinalou que o quadro externo se tornou mais\u00a0desafiador, elevando a volatilidade. &#8220;A evolu\u00e7\u00e3o dos riscos, em grande parte associados \u00e0 normaliza\u00e7\u00e3o das taxas de juros em algumas economias avan\u00e7adas, produziu ajustes nos mercados financeiros internacionais. Como resultado, houve redu\u00e7\u00e3o do apetite ao risco em rela\u00e7\u00e3o a economias emergentes&#8221;, frisou.<\/p>\n<p>&nbsp;<\/p>\n<p>Apesar de todos os riscos, o BC entendeu que a manuten\u00e7\u00e3o da Selic neste momento \u00e9 a decis\u00e3o mais adequada para a economia. At\u00e9 o \u00faltimo instante, havia uma enorme press\u00e3o para que o Copom aumentasse os juros a fim de conter a alta do d\u00f3lar. Mas prevaleceu a responsabilidade do BC, pois um aperto monet\u00e1rio neste momento poderia empurrar a economia novamente para a recess\u00e3o.<\/p>\n<p>&nbsp;<\/p>\n<p><em>Bras\u00edlia, 18h09min<\/em><\/p>\n<p>&nbsp;<\/p>\n","protected":false},"excerpt":{"rendered":"<p>O Banco Central culpou a greve dos caminhoneiros pela recente alta da infla\u00e7\u00e3o e pelas perspectivas de crescimento menor da economia. No comunicado do Comit\u00ea de Pol\u00edtica Monet\u00e1ria (Copom), no qual apresenta suas justificativas para a manuten\u00e7\u00e3o da taxa b\u00e1sica de juros (Selic) em 6,50%, a institui\u00e7\u00e3o ressaltou que, at\u00e9 abril, os dados econ\u00f4micos eram [&hellip;]<\/p>\n","protected":false},"author":22,"featured_media":0,"comment_status":"open","ping_status":"closed","sticky":false,"template":"","format":"standard","meta":{"footnotes":""},"categories":[600],"tags":[3,3390,347,14,4,58],"class_list":["post-8457","post","type-post","status-publish","format-standard","hentry","category-economia","tag-banco-central","tag-caminhoneiros","tag-greve","tag-inflacao","tag-juros","tag-pib"],"_links":{"self":[{"href":"https:\/\/blogs.correiobraziliense.com.br\/vicente\/wp-json\/wp\/v2\/posts\/8457","targetHints":{"allow":["GET"]}}],"collection":[{"href":"https:\/\/blogs.correiobraziliense.com.br\/vicente\/wp-json\/wp\/v2\/posts"}],"about":[{"href":"https:\/\/blogs.correiobraziliense.com.br\/vicente\/wp-json\/wp\/v2\/types\/post"}],"author":[{"embeddable":true,"href":"https:\/\/blogs.correiobraziliense.com.br\/vicente\/wp-json\/wp\/v2\/users\/22"}],"replies":[{"embeddable":true,"href":"https:\/\/blogs.correiobraziliense.com.br\/vicente\/wp-json\/wp\/v2\/comments?post=8457"}],"version-history":[{"count":1,"href":"https:\/\/blogs.correiobraziliense.com.br\/vicente\/wp-json\/wp\/v2\/posts\/8457\/revisions"}],"predecessor-version":[{"id":8458,"href":"https:\/\/blogs.correiobraziliense.com.br\/vicente\/wp-json\/wp\/v2\/posts\/8457\/revisions\/8458"}],"wp:attachment":[{"href":"https:\/\/blogs.correiobraziliense.com.br\/vicente\/wp-json\/wp\/v2\/media?parent=8457"}],"wp:term":[{"taxonomy":"category","embeddable":true,"href":"https:\/\/blogs.correiobraziliense.com.br\/vicente\/wp-json\/wp\/v2\/categories?post=8457"},{"taxonomy":"post_tag","embeddable":true,"href":"https:\/\/blogs.correiobraziliense.com.br\/vicente\/wp-json\/wp\/v2\/tags?post=8457"}],"curies":[{"name":"wp","href":"https:\/\/api.w.org\/{rel}","templated":true}]}}