{"id":8444,"date":"2018-06-20T17:20:46","date_gmt":"2018-06-20T20:20:46","guid":{"rendered":"https:\/\/blogs.correiobraziliense.com.br\/vicente\/?p=8444"},"modified":"2018-06-20T17:51:21","modified_gmt":"2018-06-20T20:51:21","slug":"dolar-volta-subir-e-ignora-o-bc-bolsa-tem-alta-de-1","status":"publish","type":"post","link":"https:\/\/blogs.correiobraziliense.com.br\/vicente\/dolar-volta-subir-e-ignora-o-bc-bolsa-tem-alta-de-1\/","title":{"rendered":"D\u00f3lar volta a subir e ignora o BC. Bolsa tem alta de 1%"},"content":{"rendered":"<h2>No dia em que o Banco Central definir\u00e1 os rumos da taxa b\u00e1sica de juros (Selic), os investidores decidiram ampliar a press\u00e3o sobre o d\u00f3lar e levaram a moeda norte-americana a encostar, novamente, nos R$ 3,80. Depois de um intenso sobre e desce, o d\u00f3lar cravou R$ 3,78 no fim das negocia\u00e7\u00f5es, com valoriza\u00e7\u00e3o de 0,88%, independentemente da venda de contratos de swap pela autoridade monet\u00e1ria.<\/h2>\n<p>&nbsp;<\/p>\n<p>Os investidores, segundo os especialistas, n\u00e3o querem pagar para ver, sobretudo diante do temor de que o Supremo Tribunal Federal (STF) libere o ex-presidente Lula da pris\u00e3o. No entender dos donos do dinheiro, com Lula solto, as elei\u00e7\u00f5es podem tumultuar ainda mais. Hoje, n\u00e3o h\u00e1 nenhum candidato entre os l\u00edderes das pesquisas de inten\u00e7\u00e3o de votos que seja apoiado pelo mercado. O jeito, portanto, \u00e9 se proteger com d\u00f3lar.<\/p>\n<p>&nbsp;<\/p>\n<p>A Bolsa de Valores tamb\u00e9m sofreu com as incertezas pol\u00edticas e com o clima tumultuado no exterior, devido \u00e0 guerra comercial entre os Estados Unidos e a China, as duas maiores economias do planeta. O Ibovespa, \u00edndice que mede a lucratividade das a\u00e7\u00f5es mais negociadas no preg\u00e3o paulista, chegou a operar no vermelho, mas recuperou o f\u00f4lego e computou alta de 1,02%, sustentando os 71.123 pontos.<\/p>\n<p>&nbsp;<\/p>\n<p>Na avalia\u00e7\u00e3o dos analistas, n\u00e3o haver\u00e1 dias tranquilos at\u00e9 as elei\u00e7\u00f5es. E o quadro pode piorar se o candidato vencedor nas urnas n\u00e3o se comprometer com reformas como a da Previd\u00eancia Social para ajustar as contas p\u00fablicas. Portanto, os investidores ter\u00e3o que manter o sangue frio. Qualquer passo em falso pode resultar em preju\u00edzos.<\/p>\n<p>&nbsp;<\/p>\n<p>Teoricamente, a manuten\u00e7\u00e3o dos juros pelo BC em 6,50% ao ano favorece o mercado de a\u00e7\u00f5es e contribui para derrubar o d\u00f3lar. Mas o quadro pol\u00edtico e econ\u00f4mico est\u00e1 t\u00e3o embolado, que fica dif\u00edcil prever qualquer comportamento racional neste momento.<\/p>\n<p>&nbsp;<\/p>\n<p>O governo acredita que, com as atua\u00e7\u00f5es do BC no c\u00e2mbio, o d\u00f3lar tende a amenizar as altas. Como diz um integrante da equipe econ\u00f4mica, o d\u00f3lar n\u00e3o est\u00e1 proibido de subir. O que n\u00e3o pode, e o BC n\u00e3o vai deixar, \u00e9 os pre\u00e7os da moeda norte-americana dispararem, como ocorreu h\u00e1 duas semanas, quando as cota\u00e7\u00f5es encostarem nos R$ 4.<\/p>\n<p>&nbsp;<\/p>\n<p><em>Bras\u00edlia, 17h20min<\/em><\/p>\n","protected":false},"excerpt":{"rendered":"<p>No dia em que o Banco Central definir\u00e1 os rumos da taxa b\u00e1sica de juros (Selic), os investidores decidiram ampliar a press\u00e3o sobre o d\u00f3lar e levaram a moeda norte-americana a encostar, novamente, nos R$ 3,80. Depois de um intenso sobre e desce, o d\u00f3lar cravou R$ 3,78 no fim das negocia\u00e7\u00f5es, com valoriza\u00e7\u00e3o de [&hellip;]<\/p>\n","protected":false},"author":22,"featured_media":0,"comment_status":"open","ping_status":"closed","sticky":false,"template":"","format":"standard","meta":{"footnotes":""},"categories":[600],"tags":[],"class_list":["post-8444","post","type-post","status-publish","format-standard","hentry","category-economia"],"_links":{"self":[{"href":"https:\/\/blogs.correiobraziliense.com.br\/vicente\/wp-json\/wp\/v2\/posts\/8444","targetHints":{"allow":["GET"]}}],"collection":[{"href":"https:\/\/blogs.correiobraziliense.com.br\/vicente\/wp-json\/wp\/v2\/posts"}],"about":[{"href":"https:\/\/blogs.correiobraziliense.com.br\/vicente\/wp-json\/wp\/v2\/types\/post"}],"author":[{"embeddable":true,"href":"https:\/\/blogs.correiobraziliense.com.br\/vicente\/wp-json\/wp\/v2\/users\/22"}],"replies":[{"embeddable":true,"href":"https:\/\/blogs.correiobraziliense.com.br\/vicente\/wp-json\/wp\/v2\/comments?post=8444"}],"version-history":[{"count":6,"href":"https:\/\/blogs.correiobraziliense.com.br\/vicente\/wp-json\/wp\/v2\/posts\/8444\/revisions"}],"predecessor-version":[{"id":8452,"href":"https:\/\/blogs.correiobraziliense.com.br\/vicente\/wp-json\/wp\/v2\/posts\/8444\/revisions\/8452"}],"wp:attachment":[{"href":"https:\/\/blogs.correiobraziliense.com.br\/vicente\/wp-json\/wp\/v2\/media?parent=8444"}],"wp:term":[{"taxonomy":"category","embeddable":true,"href":"https:\/\/blogs.correiobraziliense.com.br\/vicente\/wp-json\/wp\/v2\/categories?post=8444"},{"taxonomy":"post_tag","embeddable":true,"href":"https:\/\/blogs.correiobraziliense.com.br\/vicente\/wp-json\/wp\/v2\/tags?post=8444"}],"curies":[{"name":"wp","href":"https:\/\/api.w.org\/{rel}","templated":true}]}}