{"id":8428,"date":"2018-06-19T11:01:27","date_gmt":"2018-06-19T14:01:27","guid":{"rendered":"https:\/\/blogs.correiobraziliense.com.br\/vicente\/?p=8428"},"modified":"2018-06-20T17:11:29","modified_gmt":"2018-06-20T20:11:29","slug":"tst-julgara-acao-coletiva-contra-petrobras-estimada-em-r-20-bilhoes","status":"publish","type":"post","link":"https:\/\/blogs.correiobraziliense.com.br\/vicente\/tst-julgara-acao-coletiva-contra-petrobras-estimada-em-r-20-bilhoes\/","title":{"rendered":"TST julgar\u00e1 a\u00e7\u00e3o coletiva contra a Petrobras estimada em R$ 20 bilh\u00f5es"},"content":{"rendered":"<h2>BERNARDO BITTAR<\/h2>\n<h2><\/h2>\n<h2>O Tribunal Superior do Trabalho colocou na pauta de julgamentos desta quinta-feira (21\/06) uma a\u00e7\u00e3o coletiva contra a Petrobras, estimada em R$ 20 bilh\u00f5es. Trata-se de um acordo sobre a Remunera\u00e7\u00e3o M\u00ednima por N\u00edvel e Regime (RMNR), que ter\u00e1 participa\u00e7\u00e3o da Advocacia-Geral da Uni\u00e3o (AGU), representando a estatal, e de de advogados importantes, defendendo os sindicatos. O relator do caso \u00e9 o ministro Alberto Bresciani e a revisora, Maria de Assis Calsing, que se aposenta em julho. O julgamento, inclusive, s\u00f3 foi pautado agora em raz\u00e3o da movimenta\u00e7\u00e3o de Calsing.<\/h2>\n<p>&nbsp;<\/p>\n<p>Os sindicatos fazem press\u00e3o para adiar o julgamento, porque acreditam que a ministra votar\u00e1 a favor da Petrobras. No entanto, como ela acompanha e estuda a mat\u00e9ria h\u00e1 muito tempo, tendo julgado o tema na Sess\u00e3o de Diss\u00eddios Coletivos (SDC), deix\u00e1-la de fora do julgamento, na vis\u00e3o do TST, seria uma injusti\u00e7a e um desprest\u00edgio. A perspectiva \u00e9 de que a Petrobras ganhe a causa com uma diferen\u00e7a de 1 a 3 votos, a depender da composi\u00e7\u00e3o da Corte na sess\u00e3o de julgamento.<\/p>\n<p>&nbsp;<\/p>\n<p>Uma derrota da Petrobras, vista como algo distante pelos advogados da empresa, pode trazer impacto significativo para as finan\u00e7as da estatal, que ainda executa programas de redu\u00e7\u00e3o de d\u00edvidas e de custos. Na defesa elaborada pela AGU, pede-se que os pagamentos relacionados a regimes especiais de trabalho, como adicional de periculosidade, devem ser inclu\u00eddos na base de c\u00e1lculo da RMNP, conforme previs\u00e3o em acordo coletivo.<\/p>\n<p>&nbsp;<\/p>\n<p>Representantes dos empregados, entretanto, querem que esses valores sejam exclu\u00eddos dessa base de c\u00e1lculo, o que faria com que a Petrobras tivesse que complementar uma quantia maior para que a RMNR fosse atingida. Da\u00ed o impacto bilion\u00e1rio.<\/p>\n<p>&nbsp;<\/p>\n<p>O processo chegou ao plen\u00e1rio do TST ap\u00f3s aprecia\u00e7\u00e3o de diversos processos sobre o tema. \u00c9 a terceira vez que entra na pauta do colegiado. A eventual mudan\u00e7a no pagamento dos benef\u00edcios pode criar aumento de at\u00e9 35% nos contracheques dos 59 mil empregados da estatal, segundo contas da AGU. O gasto n\u00e3o estava previsto no or\u00e7amento de 2018.<\/p>\n<p>&nbsp;<\/p>\n<p><em>Bras\u00edlia, 11h01min<\/em><\/p>\n","protected":false},"excerpt":{"rendered":"<p>BERNARDO BITTAR O Tribunal Superior do Trabalho colocou na pauta de julgamentos desta quinta-feira (21\/06) uma a\u00e7\u00e3o coletiva contra a Petrobras, estimada em R$ 20 bilh\u00f5es. Trata-se de um acordo sobre a Remunera\u00e7\u00e3o M\u00ednima por N\u00edvel e Regime (RMNR), que ter\u00e1 participa\u00e7\u00e3o da Advocacia-Geral da Uni\u00e3o (AGU), representando a estatal, e de de advogados importantes, [&hellip;]<\/p>\n","protected":false},"author":22,"featured_media":0,"comment_status":"open","ping_status":"closed","sticky":false,"template":"","format":"standard","meta":{"footnotes":""},"categories":[600],"tags":[3463,228,3464,2399],"class_list":["post-8428","post","type-post","status-publish","format-standard","hentry","category-economia","tag-acao-trabalhista","tag-petrobras","tag-remuneracao-minima","tag-tst"],"_links":{"self":[{"href":"https:\/\/blogs.correiobraziliense.com.br\/vicente\/wp-json\/wp\/v2\/posts\/8428","targetHints":{"allow":["GET"]}}],"collection":[{"href":"https:\/\/blogs.correiobraziliense.com.br\/vicente\/wp-json\/wp\/v2\/posts"}],"about":[{"href":"https:\/\/blogs.correiobraziliense.com.br\/vicente\/wp-json\/wp\/v2\/types\/post"}],"author":[{"embeddable":true,"href":"https:\/\/blogs.correiobraziliense.com.br\/vicente\/wp-json\/wp\/v2\/users\/22"}],"replies":[{"embeddable":true,"href":"https:\/\/blogs.correiobraziliense.com.br\/vicente\/wp-json\/wp\/v2\/comments?post=8428"}],"version-history":[{"count":2,"href":"https:\/\/blogs.correiobraziliense.com.br\/vicente\/wp-json\/wp\/v2\/posts\/8428\/revisions"}],"predecessor-version":[{"id":8442,"href":"https:\/\/blogs.correiobraziliense.com.br\/vicente\/wp-json\/wp\/v2\/posts\/8428\/revisions\/8442"}],"wp:attachment":[{"href":"https:\/\/blogs.correiobraziliense.com.br\/vicente\/wp-json\/wp\/v2\/media?parent=8428"}],"wp:term":[{"taxonomy":"category","embeddable":true,"href":"https:\/\/blogs.correiobraziliense.com.br\/vicente\/wp-json\/wp\/v2\/categories?post=8428"},{"taxonomy":"post_tag","embeddable":true,"href":"https:\/\/blogs.correiobraziliense.com.br\/vicente\/wp-json\/wp\/v2\/tags?post=8428"}],"curies":[{"name":"wp","href":"https:\/\/api.w.org\/{rel}","templated":true}]}}