{"id":8421,"date":"2018-06-16T18:01:03","date_gmt":"2018-06-16T21:01:03","guid":{"rendered":"https:\/\/blogs.correiobraziliense.com.br\/vicente\/?p=8421"},"modified":"2018-06-16T21:06:21","modified_gmt":"2018-06-17T00:06:21","slug":"os-arapongas-estao-irritados-com-o-governo-temer","status":"publish","type":"post","link":"https:\/\/blogs.correiobraziliense.com.br\/vicente\/os-arapongas-estao-irritados-com-o-governo-temer\/","title":{"rendered":"Os arapongas est\u00e3o irritados com o governo Temer"},"content":{"rendered":"<h2>O governo Temer, t\u00e3o cioso de agradar os militares e as for\u00e7as de seguran\u00e7a, anda bastante desgastado com uma parte desse grupo. Os arapongas da Ag\u00eancia Brasileira de Intelig\u00eancia (Abin) ficaram furiosos com as informa\u00e7\u00f5es de que falharam ao n\u00e3o alertar o governo dos riscos da paralisa\u00e7\u00e3o dos caminhoneiros.<\/h2>\n<h2><\/h2>\n<p>Foi o pr\u00f3prio Planalto que espalhou isso reservadamente. Mas os agentes da Abin afirmam que mandaram robustos relat\u00f3rios para a Presid\u00eancia da Rep\u00fablica nos \u00faltimos meses, mas o material foi simplesmente ignorado. Eles vinham monitorando a organiza\u00e7\u00e3o do protesto e tinham at\u00e9 mesmo informantes infiltrados no movimento.<\/p>\n<p>&nbsp;<\/p>\n<p>Agora, o desd\u00e9m do Planalto est\u00e1 custando caro &#8212; melhor, car\u00edssimo. A paralisa\u00e7\u00e3o dos transportadores de cargas desnudou um governo fraco, totalmente desarticulado e sem qualquer for\u00e7a no Congresso. Os caminhoneiros decretariam a agonia de Temer.<\/p>\n<p>&nbsp;<\/p>\n<p><em>Bras\u00edlia, 18h01min<\/em><\/p>\n","protected":false},"excerpt":{"rendered":"<p>O governo Temer, t\u00e3o cioso de agradar os militares e as for\u00e7as de seguran\u00e7a, anda bastante desgastado com uma parte desse grupo. Os arapongas da Ag\u00eancia Brasileira de Intelig\u00eancia (Abin) ficaram furiosos com as informa\u00e7\u00f5es de que falharam ao n\u00e3o alertar o governo dos riscos da paralisa\u00e7\u00e3o dos caminhoneiros. Foi o pr\u00f3prio Planalto que espalhou [&hellip;]<\/p>\n","protected":false},"author":22,"featured_media":0,"comment_status":"open","ping_status":"closed","sticky":false,"template":"","format":"standard","meta":{"footnotes":""},"categories":[600],"tags":[2398,3462,3390,347,111],"class_list":["post-8421","post","type-post","status-publish","format-standard","hentry","category-economia","tag-abin","tag-arapongas","tag-caminhoneiros","tag-greve","tag-michel-temer"],"_links":{"self":[{"href":"https:\/\/blogs.correiobraziliense.com.br\/vicente\/wp-json\/wp\/v2\/posts\/8421","targetHints":{"allow":["GET"]}}],"collection":[{"href":"https:\/\/blogs.correiobraziliense.com.br\/vicente\/wp-json\/wp\/v2\/posts"}],"about":[{"href":"https:\/\/blogs.correiobraziliense.com.br\/vicente\/wp-json\/wp\/v2\/types\/post"}],"author":[{"embeddable":true,"href":"https:\/\/blogs.correiobraziliense.com.br\/vicente\/wp-json\/wp\/v2\/users\/22"}],"replies":[{"embeddable":true,"href":"https:\/\/blogs.correiobraziliense.com.br\/vicente\/wp-json\/wp\/v2\/comments?post=8421"}],"version-history":[{"count":1,"href":"https:\/\/blogs.correiobraziliense.com.br\/vicente\/wp-json\/wp\/v2\/posts\/8421\/revisions"}],"predecessor-version":[{"id":8422,"href":"https:\/\/blogs.correiobraziliense.com.br\/vicente\/wp-json\/wp\/v2\/posts\/8421\/revisions\/8422"}],"wp:attachment":[{"href":"https:\/\/blogs.correiobraziliense.com.br\/vicente\/wp-json\/wp\/v2\/media?parent=8421"}],"wp:term":[{"taxonomy":"category","embeddable":true,"href":"https:\/\/blogs.correiobraziliense.com.br\/vicente\/wp-json\/wp\/v2\/categories?post=8421"},{"taxonomy":"post_tag","embeddable":true,"href":"https:\/\/blogs.correiobraziliense.com.br\/vicente\/wp-json\/wp\/v2\/tags?post=8421"}],"curies":[{"name":"wp","href":"https:\/\/api.w.org\/{rel}","templated":true}]}}