{"id":8417,"date":"2018-06-16T10:51:36","date_gmt":"2018-06-16T13:51:36","guid":{"rendered":"https:\/\/blogs.correiobraziliense.com.br\/vicente\/?p=8417"},"modified":"2018-06-16T18:03:16","modified_gmt":"2018-06-16T21:03:16","slug":"aliados-de-temer-com-medo-de-ele-ser-preso-partir-de-janeiro","status":"publish","type":"post","link":"https:\/\/blogs.correiobraziliense.com.br\/vicente\/aliados-de-temer-com-medo-de-ele-ser-preso-partir-de-janeiro\/","title":{"rendered":"Aliados de Temer com medo de ele ser preso a partir de janeiro"},"content":{"rendered":"<h2>DENISE ROTHENBURG<\/h2>\n<h2><\/h2>\n<h2>Assim como o PT coloca o ex-presidente Lula como v\u00edtima de persegui\u00e7\u00e3o pol\u00edtica, o MDB se prepara para usar o mesmo expediente em rela\u00e7\u00e3o ao presidente Michel Temer.<\/h2>\n<p>&nbsp;<\/p>\n<p>O ministro da Secretaria de Governo, Carlos Marun, por exemplo, tem dito que h\u00e1 irresponsabilidades\u00a0por parte de procuradores e ju\u00edzes de primeira inst\u00e2ncia e que, diante disso, teme que o presidente possa ser preso a partir de janeiro, quando terminar o mandato.<\/p>\n<p>&nbsp;<\/p>\n<p>Para um ministro dizer isso \u00e9 sinal de que o receio, realmente, \u00e9 grande.<\/p>\n<p>&nbsp;<\/p>\n<p>A diferen\u00e7a entre a estrat\u00e9gia do PT e do MDB \u00e9 que os petistas fazem reuni\u00f5es, com\u00edcios, v\u00e3o para a tribuna da C\u00e2mara e do Senado defender Lula.<\/p>\n<p>&nbsp;<\/p>\n<p>Os emedebistas n\u00e3o t\u00eam feito tanto esfor\u00e7o em defesa do presidente Temer. E, num ano eleitoral, n\u00e3o ele encontra muitos aliados dispostos a faz\u00ea-lo<\/p>\n<p>&nbsp;<\/p>\n<p><em>Bras\u00edlia, 10h512min<\/em><\/p>\n","protected":false},"excerpt":{"rendered":"<p>DENISE ROTHENBURG Assim como o PT coloca o ex-presidente Lula como v\u00edtima de persegui\u00e7\u00e3o pol\u00edtica, o MDB se prepara para usar o mesmo expediente em rela\u00e7\u00e3o ao presidente Michel Temer. &nbsp; O ministro da Secretaria de Governo, Carlos Marun, por exemplo, tem dito que h\u00e1 irresponsabilidades\u00a0por parte de procuradores e ju\u00edzes de primeira inst\u00e2ncia e [&hellip;]<\/p>\n","protected":false},"author":22,"featured_media":0,"comment_status":"open","ping_status":"closed","sticky":false,"template":"","format":"standard","meta":{"footnotes":""},"categories":[600],"tags":[2583,665,3460,23,3012,351,422,125],"class_list":["post-8417","post","type-post","status-publish","format-standard","hentry","category-economia","tag-aliados","tag-eleicoes","tag-janeiro","tag-lula","tag-mdb","tag-prisao","tag-pt","tag-temer"],"_links":{"self":[{"href":"https:\/\/blogs.correiobraziliense.com.br\/vicente\/wp-json\/wp\/v2\/posts\/8417","targetHints":{"allow":["GET"]}}],"collection":[{"href":"https:\/\/blogs.correiobraziliense.com.br\/vicente\/wp-json\/wp\/v2\/posts"}],"about":[{"href":"https:\/\/blogs.correiobraziliense.com.br\/vicente\/wp-json\/wp\/v2\/types\/post"}],"author":[{"embeddable":true,"href":"https:\/\/blogs.correiobraziliense.com.br\/vicente\/wp-json\/wp\/v2\/users\/22"}],"replies":[{"embeddable":true,"href":"https:\/\/blogs.correiobraziliense.com.br\/vicente\/wp-json\/wp\/v2\/comments?post=8417"}],"version-history":[{"count":1,"href":"https:\/\/blogs.correiobraziliense.com.br\/vicente\/wp-json\/wp\/v2\/posts\/8417\/revisions"}],"predecessor-version":[{"id":8418,"href":"https:\/\/blogs.correiobraziliense.com.br\/vicente\/wp-json\/wp\/v2\/posts\/8417\/revisions\/8418"}],"wp:attachment":[{"href":"https:\/\/blogs.correiobraziliense.com.br\/vicente\/wp-json\/wp\/v2\/media?parent=8417"}],"wp:term":[{"taxonomy":"category","embeddable":true,"href":"https:\/\/blogs.correiobraziliense.com.br\/vicente\/wp-json\/wp\/v2\/categories?post=8417"},{"taxonomy":"post_tag","embeddable":true,"href":"https:\/\/blogs.correiobraziliense.com.br\/vicente\/wp-json\/wp\/v2\/tags?post=8417"}],"curies":[{"name":"wp","href":"https:\/\/api.w.org\/{rel}","templated":true}]}}