{"id":8400,"date":"2018-06-15T10:12:58","date_gmt":"2018-06-15T13:12:58","guid":{"rendered":"https:\/\/blogs.correiobraziliense.com.br\/vicente\/?p=8400"},"modified":"2018-06-15T10:12:58","modified_gmt":"2018-06-15T13:12:58","slug":"depois-da-pressao-governo-nomeia-servidor-de-carreira-para-o-icmbio","status":"publish","type":"post","link":"https:\/\/blogs.correiobraziliense.com.br\/vicente\/depois-da-pressao-governo-nomeia-servidor-de-carreira-para-o-icmbio\/","title":{"rendered":"Depois da press\u00e3o, governo nomeia servidor de carreira para o ICMBio"},"content":{"rendered":"<p>Saiu no Di\u00e1rio Oficial desta sexta-feira (15\/06) a nomea\u00e7\u00e3o de Paulo Henrique Marostegan e Carneiro para a presid\u00eancia do Instituto Chico Mendes de Conserva\u00e7\u00e3o da Biodiversidade (ICMBio). Da carreira de analista ambiental, at\u00e9 agora ele era diretor do \u00f3rg\u00e3o.<\/p>\n<p>&nbsp;<\/p>\n<p>A nomea\u00e7\u00e3o p\u00f5e fim \u00e0 pol\u00eamica tentativa de entregar o ICMBio ao Pros, um dos partidos da base aliada, noticiada em primeira m\u00e3o por este <b>Blog<\/b>. Primeiro, a indica\u00e7\u00e3o foi de um ruralista. Depois, de um funcion\u00e1rio de 31 anos de idade da legenda, sem qualquer forma\u00e7\u00e3o na \u00e1rea ambiental.<\/p>\n<p>&nbsp;<\/p>\n<p>As escolhas geraram revolta dos funcion\u00e1rios, de parlamentares e da sociedade. Ex-ministros do ambiente, incluindo Rubens Ricupero e Marina Silva, escreveram uma carta aberta ao presidente Michel Temer, criticando o loteamento pol\u00edtico da \u00e1rea. Artistas\u00a0fizeram um v\u00eddeo de protesto, divulgado nas redes sociais. Por mais que o governo precise de apoio no Congresso, a avalia\u00e7\u00e3o foi a de que n\u00e3o seria poss\u00edvel encarar mais esse desgaste.<\/p>\n","protected":false},"excerpt":{"rendered":"<p>Saiu no Di\u00e1rio Oficial desta sexta-feira (15\/06) a nomea\u00e7\u00e3o de Paulo Henrique Marostegan e Carneiro para a presid\u00eancia do Instituto Chico Mendes de Conserva\u00e7\u00e3o da Biodiversidade (ICMBio). Da carreira de analista ambiental, at\u00e9 agora ele era diretor do \u00f3rg\u00e3o. &nbsp; A nomea\u00e7\u00e3o p\u00f5e fim \u00e0 pol\u00eamica tentativa de entregar o ICMBio ao Pros, um dos [&hellip;]<\/p>\n","protected":false},"author":22,"featured_media":0,"comment_status":"open","ping_status":"closed","sticky":false,"template":"","format":"standard","meta":{"footnotes":""},"categories":[600],"tags":[],"class_list":["post-8400","post","type-post","status-publish","format-standard","hentry","category-economia"],"_links":{"self":[{"href":"https:\/\/blogs.correiobraziliense.com.br\/vicente\/wp-json\/wp\/v2\/posts\/8400","targetHints":{"allow":["GET"]}}],"collection":[{"href":"https:\/\/blogs.correiobraziliense.com.br\/vicente\/wp-json\/wp\/v2\/posts"}],"about":[{"href":"https:\/\/blogs.correiobraziliense.com.br\/vicente\/wp-json\/wp\/v2\/types\/post"}],"author":[{"embeddable":true,"href":"https:\/\/blogs.correiobraziliense.com.br\/vicente\/wp-json\/wp\/v2\/users\/22"}],"replies":[{"embeddable":true,"href":"https:\/\/blogs.correiobraziliense.com.br\/vicente\/wp-json\/wp\/v2\/comments?post=8400"}],"version-history":[{"count":1,"href":"https:\/\/blogs.correiobraziliense.com.br\/vicente\/wp-json\/wp\/v2\/posts\/8400\/revisions"}],"predecessor-version":[{"id":8401,"href":"https:\/\/blogs.correiobraziliense.com.br\/vicente\/wp-json\/wp\/v2\/posts\/8400\/revisions\/8401"}],"wp:attachment":[{"href":"https:\/\/blogs.correiobraziliense.com.br\/vicente\/wp-json\/wp\/v2\/media?parent=8400"}],"wp:term":[{"taxonomy":"category","embeddable":true,"href":"https:\/\/blogs.correiobraziliense.com.br\/vicente\/wp-json\/wp\/v2\/categories?post=8400"},{"taxonomy":"post_tag","embeddable":true,"href":"https:\/\/blogs.correiobraziliense.com.br\/vicente\/wp-json\/wp\/v2\/tags?post=8400"}],"curies":[{"name":"wp","href":"https:\/\/api.w.org\/{rel}","templated":true}]}}