{"id":8347,"date":"2018-06-12T14:16:14","date_gmt":"2018-06-12T17:16:14","guid":{"rendered":"https:\/\/blogs.correiobraziliense.com.br\/vicente\/?p=8347"},"modified":"2018-06-12T15:40:26","modified_gmt":"2018-06-12T18:40:26","slug":"embaixador-afastado-por-assedio-vai-ocupar-posto-no-rio","status":"publish","type":"post","link":"https:\/\/blogs.correiobraziliense.com.br\/vicente\/embaixador-afastado-por-assedio-vai-ocupar-posto-no-rio\/","title":{"rendered":"Embaixador afastado por ass\u00e9dio vai ocupar posto no Rio"},"content":{"rendered":"<h2>Alvo de muito pol\u00eamica, o embaixador Jo\u00e3o Carlos de Souza-Gomes, afastado por ass\u00e9dio de suas fun\u00e7\u00f5es na FAO, bra\u00e7o da Organiza\u00e7\u00e3o das Na\u00e7\u00f5es Unidas (ONU) para Alimenta\u00e7\u00e3o e Agricultura, em Roma, voltar\u00e1 a dar expediente no Itamaraty. Ele foi nomeado na segunda-feira (11\/06) para um cargo na representa\u00e7\u00e3o do Rio de Janeiro<\/h2>\n<p>&nbsp;<\/p>\n<p>A Portaria n.\u00ba 589, com a nomea\u00e7\u00e3o, foi assinada pelo secret\u00e1rio-geral do Minist\u00e9rio de Rela\u00e7\u00f5es Exteriores, Marcos Bezerra, Galv\u00e3o.\u00a0Souza-Gomes sem fun\u00e7\u00f5es no Itamaraty desde novembro do ano passado.<\/p>\n<p>&nbsp;<\/p>\n<p>Segundo as den\u00fancias que resultaram no afastamento, ele tem um hist\u00f3rico de epis\u00f3dios de viol\u00eancia moral e sexual entre seus subordinados. Pelo menos sete pessoas relataram epis\u00f3dios de ass\u00e9dio sexual e moral. Nos depoimentos, os funcion\u00e1rios disseram que,\u00a0 frequentemente, o diplomata sa\u00eda do banheiro com as cal\u00e7as abertas e dizia coisas do tipo &#8220;Voc\u00ea viu, n\u00e9? Voc\u00ea gostou, n\u00e9?&#8221;.<\/p>\n<p>&nbsp;<\/p>\n<p>Num dos depoimentos, uma funcion\u00e1ria relatou que Souza-Gomes exigiu que ela o ajudasse a se vestir, colocando suas meias, abotoando a sua camisa e a cal\u00e7a. N\u00e3o foi s\u00f3. Uma outra funcion\u00e1ria afirmou que\u00a0Souza-Gomes teria dito &#8220;Voc\u00ea estava uma gostosa ontem&#8221; na frente de outras pessoas e pedido para que todos a aplaudissem.<\/p>\n<p>&nbsp;<\/p>\n<p>Al\u00e9m do ass\u00e9dio sexual, Souza-Gomes tamb\u00e9m acumula acusa\u00e7\u00f5es de ass\u00e9dio moral e racismo. Ele chamaria funcion\u00e1rios negros de &#8220;cabelo de Bombril&#8221;, al\u00e9m de frequentemente classificar os subordinados de &#8220;burros&#8221; e &#8220;incompetentes&#8221;.<\/p>\n<p>&nbsp;<\/p>\n<p>&nbsp;<\/p>\n<p>Antes de assumir o cargo na FAO, Souza-Gomes foi embaixador na Venezuela, no Uruguai, serviu nos consulados de Nova York e S\u00e3o Francisco, nos Estados Unidos. Tamb\u00e9m atuou na miss\u00e3o diplom\u00e1tica em Paris. Entre seus pares, ele \u00e9 conhecido como &#8220;Jo\u00e3o do Pulo&#8221;, por causa de sua ascens\u00e3o mete\u00f3rica na carreira.<\/p>\n<p>&nbsp;<\/p>\n<p>&nbsp;<\/p>\n<p><em>Bras\u00edlia, 14h16min<\/em><\/p>\n<p>&nbsp;<\/p>\n","protected":false},"excerpt":{"rendered":"<p>Alvo de muito pol\u00eamica, o embaixador Jo\u00e3o Carlos de Souza-Gomes, afastado por ass\u00e9dio de suas fun\u00e7\u00f5es na FAO, bra\u00e7o da Organiza\u00e7\u00e3o das Na\u00e7\u00f5es Unidas (ONU) para Alimenta\u00e7\u00e3o e Agricultura, em Roma, voltar\u00e1 a dar expediente no Itamaraty. Ele foi nomeado na segunda-feira (11\/06) para um cargo na representa\u00e7\u00e3o do Rio de Janeiro &nbsp; A Portaria [&hellip;]<\/p>\n","protected":false},"author":22,"featured_media":0,"comment_status":"open","ping_status":"closed","sticky":false,"template":"","format":"standard","meta":{"footnotes":""},"categories":[600],"tags":[3023,3446,3444,3445,329,273],"class_list":["post-8347","post","type-post","status-publish","format-standard","hentry","category-economia","tag-assedio","tag-cargo","tag-embaixador","tag-fao","tag-itamaraty","tag-rio"],"_links":{"self":[{"href":"https:\/\/blogs.correiobraziliense.com.br\/vicente\/wp-json\/wp\/v2\/posts\/8347","targetHints":{"allow":["GET"]}}],"collection":[{"href":"https:\/\/blogs.correiobraziliense.com.br\/vicente\/wp-json\/wp\/v2\/posts"}],"about":[{"href":"https:\/\/blogs.correiobraziliense.com.br\/vicente\/wp-json\/wp\/v2\/types\/post"}],"author":[{"embeddable":true,"href":"https:\/\/blogs.correiobraziliense.com.br\/vicente\/wp-json\/wp\/v2\/users\/22"}],"replies":[{"embeddable":true,"href":"https:\/\/blogs.correiobraziliense.com.br\/vicente\/wp-json\/wp\/v2\/comments?post=8347"}],"version-history":[{"count":2,"href":"https:\/\/blogs.correiobraziliense.com.br\/vicente\/wp-json\/wp\/v2\/posts\/8347\/revisions"}],"predecessor-version":[{"id":8349,"href":"https:\/\/blogs.correiobraziliense.com.br\/vicente\/wp-json\/wp\/v2\/posts\/8347\/revisions\/8349"}],"wp:attachment":[{"href":"https:\/\/blogs.correiobraziliense.com.br\/vicente\/wp-json\/wp\/v2\/media?parent=8347"}],"wp:term":[{"taxonomy":"category","embeddable":true,"href":"https:\/\/blogs.correiobraziliense.com.br\/vicente\/wp-json\/wp\/v2\/categories?post=8347"},{"taxonomy":"post_tag","embeddable":true,"href":"https:\/\/blogs.correiobraziliense.com.br\/vicente\/wp-json\/wp\/v2\/tags?post=8347"}],"curies":[{"name":"wp","href":"https:\/\/api.w.org\/{rel}","templated":true}]}}