{"id":8336,"date":"2018-06-10T16:01:13","date_gmt":"2018-06-10T19:01:13","guid":{"rendered":"https:\/\/blogs.correiobraziliense.com.br\/vicente\/?p=8336"},"modified":"2018-06-10T19:58:29","modified_gmt":"2018-06-10T22:58:29","slug":"acho-que-nao-vao-com-minha-cara-diz-temer-sobre-rejeicao-recorde","status":"publish","type":"post","link":"https:\/\/blogs.correiobraziliense.com.br\/vicente\/acho-que-nao-vao-com-minha-cara-diz-temer-sobre-rejeicao-recorde\/","title":{"rendered":"&#8220;Acho que n\u00e3o v\u00e3o com a minha cara&#8221;, diz Temer sobre rejei\u00e7\u00e3o recorde"},"content":{"rendered":"<h2>Em recente entrevista ao <strong>Correio<\/strong>, o presidente Michel Temer deixou claro seu inconformismo com a rejei\u00e7\u00e3o a ele e ao governo. Disse que a popula\u00e7\u00e3o n\u00e3o estava compreendendo os avan\u00e7os conquistados por sua gest\u00e3o, sobretudo por meio do controle da infla\u00e7\u00e3o (a mais baixa em duas d\u00e9cadas) e da queda das taxas de juros (no menor n\u00edvel da hist\u00f3ria).<\/h2>\n<p>&nbsp;<\/p>\n<p>&#8220;Acho que n\u00e3o v\u00e3o com a minha cara&#8221;, respondeu Temer, ao ser questionado sobre sua baixa popularidade. No dia da entrevista, a taxa de rejei\u00e7\u00e3o do presidente era de 70%. Agora, segundo o Datafolha, atingiu 82%, a maior da hist\u00f3ria. Apenas 3% da popula\u00e7\u00e3o aprovam o emedebista.<\/p>\n<p>&nbsp;<\/p>\n<p>Temer listou uma s\u00e9rie de conquistas para justificar a sua incompreens\u00e3o: a lei que criou um teto de gastos para a Uni\u00e3o, a reforma trabalhista, a reforma do ensino m\u00e9dio, a lei das estatais, a queda da infla\u00e7\u00e3o, o recuo dos juros, a cria\u00e7\u00e3o da maior reserva marinha do mundo, o aumento da \u00e1rea protegida da Chapada dos Veadeiros.<\/p>\n<p>&nbsp;<\/p>\n<p>&#8220;\u00c9 curioso que tudo isso n\u00e3o seja percebido&#8221;, afirmou, ressaltando outros avan\u00e7os. &#8220;Liberamos R$ 44 bilh\u00f5es do FGTS (Fundo de Garantia do Tempo de Servi\u00e7o), liberamos recursos do PIS-Pasep, demos reajustes para o Bolsa Fam\u00edlia acima da infla\u00e7\u00e3o, liberamos recursos para a compra de ambul\u00e2ncias e verbas para os munic\u00edpios. Repactuamos ainda d\u00edvidas de estados e munic\u00edpios.&#8221;.<\/p>\n<p>&nbsp;<\/p>\n<p>Para o presidente, tudo isso foi feito num curto espa\u00e7o de tempo. Mas nada foi suficiente para melhorar sua popularidade. Ele garantiu, por\u00e9m, que continuar\u00e1 na sua empreitada de &#8220;preparar o Brasil para o futuro&#8221;. E ressaltou que tem &#8220;muito do que se orgulhar do Brasil&#8221;.<\/p>\n<p>&nbsp;<\/p>\n<p>Dentro do governo, a vis\u00e3o \u00e9 de que a forte rejei\u00e7\u00e3o a Temer decorre da perda da guerra da comunica\u00e7\u00e3o. Al\u00e9m de o Pal\u00e1cio do Planalto n\u00e3o ter conseguido capitalizar os avan\u00e7os, foi abatido, no meio do caminho, por den\u00fancias contra Temer e seus ministros mais pr\u00f3ximos. O presidente teve que enfrentar\u00a0duas den\u00fancias \u00e0 C\u00e2mara. Viu a reforma da Previd\u00eancia ser enterrada pelas dela\u00e7\u00f5es dos irm\u00e3os Joesley e Wesley Batista, do grupo JBS, e foi literalmente atropelado pela greve dos caminhoneiros.<\/p>\n<p>&nbsp;<\/p>\n<p>Todas as crises foram enfraquecendo a base aliada do governo no Congresso, que n\u00e3o conseguiu aprovar mais nada do interesse do pa\u00eds. A paralisa\u00e7\u00e3o dos transportadores de cargos exp\u00f4s um governo desarticulado, dividido e sem for\u00e7a para impor suas posi\u00e7\u00f5es. Para a popula\u00e7\u00e3o, n\u00e3o h\u00e1 como apoiar um governo t\u00e3o fraco.<\/p>\n<p>&nbsp;<\/p>\n<p><em>Bras\u00edlia, 16h01min<\/em><\/p>\n","protected":false},"excerpt":{"rendered":"<p>Em recente entrevista ao Correio, o presidente Michel Temer deixou claro seu inconformismo com a rejei\u00e7\u00e3o a ele e ao governo. Disse que a popula\u00e7\u00e3o n\u00e3o estava compreendendo os avan\u00e7os conquistados por sua gest\u00e3o, sobretudo por meio do controle da infla\u00e7\u00e3o (a mais baixa em duas d\u00e9cadas) e da queda das taxas de juros (no [&hellip;]<\/p>\n","protected":false},"author":22,"featured_media":0,"comment_status":"open","ping_status":"closed","sticky":false,"template":"","format":"standard","meta":{"footnotes":""},"categories":[600],"tags":[3441,465,3442,1067,125],"class_list":["post-8336","post","type-post","status-publish","format-standard","hentry","category-economia","tag-datafolha","tag-pesquisa","tag-populacao","tag-rejeicao","tag-temer"],"_links":{"self":[{"href":"https:\/\/blogs.correiobraziliense.com.br\/vicente\/wp-json\/wp\/v2\/posts\/8336","targetHints":{"allow":["GET"]}}],"collection":[{"href":"https:\/\/blogs.correiobraziliense.com.br\/vicente\/wp-json\/wp\/v2\/posts"}],"about":[{"href":"https:\/\/blogs.correiobraziliense.com.br\/vicente\/wp-json\/wp\/v2\/types\/post"}],"author":[{"embeddable":true,"href":"https:\/\/blogs.correiobraziliense.com.br\/vicente\/wp-json\/wp\/v2\/users\/22"}],"replies":[{"embeddable":true,"href":"https:\/\/blogs.correiobraziliense.com.br\/vicente\/wp-json\/wp\/v2\/comments?post=8336"}],"version-history":[{"count":3,"href":"https:\/\/blogs.correiobraziliense.com.br\/vicente\/wp-json\/wp\/v2\/posts\/8336\/revisions"}],"predecessor-version":[{"id":8339,"href":"https:\/\/blogs.correiobraziliense.com.br\/vicente\/wp-json\/wp\/v2\/posts\/8336\/revisions\/8339"}],"wp:attachment":[{"href":"https:\/\/blogs.correiobraziliense.com.br\/vicente\/wp-json\/wp\/v2\/media?parent=8336"}],"wp:term":[{"taxonomy":"category","embeddable":true,"href":"https:\/\/blogs.correiobraziliense.com.br\/vicente\/wp-json\/wp\/v2\/categories?post=8336"},{"taxonomy":"post_tag","embeddable":true,"href":"https:\/\/blogs.correiobraziliense.com.br\/vicente\/wp-json\/wp\/v2\/tags?post=8336"}],"curies":[{"name":"wp","href":"https:\/\/api.w.org\/{rel}","templated":true}]}}