{"id":8332,"date":"2018-06-09T16:32:53","date_gmt":"2018-06-09T19:32:53","guid":{"rendered":"https:\/\/blogs.correiobraziliense.com.br\/vicente\/?p=8332"},"modified":"2018-06-09T16:53:19","modified_gmt":"2018-06-09T19:53:19","slug":"na-sala-vip-do-aeroporto-de-brasilia-falta-taca-para-vinho","status":"publish","type":"post","link":"https:\/\/blogs.correiobraziliense.com.br\/vicente\/na-sala-vip-do-aeroporto-de-brasilia-falta-taca-para-vinho\/","title":{"rendered":"Na sala vip do aeroporto de Bras\u00edlia, falta ta\u00e7a para vinho"},"content":{"rendered":"<h2>A crise est\u00e1 feia. Quem se dispuser a pagar R$ 150 para entrar na sala vip do aeroporto de Bras\u00edlia ter\u00e1 que tomar vinho no copo d&#8217;\u00e1gua. As ta\u00e7as est\u00e3o em falta no local.<\/h2>\n<p>&nbsp;<\/p>\n<p>Segundo funcion\u00e1rios do atendimento da sala vip, s\u00f3 h\u00e1 tr\u00eas ta\u00e7as de vinho dispon\u00edveis. As demais quebraram e n\u00e3o foram respostas.<\/p>\n<p>&nbsp;<\/p>\n<p><a href=\"https:\/\/blogs.correiobraziliense.com.br\/vicente\/wp-content\/uploads\/sites\/16\/2018\/06\/salavip.jpg\" rel=\"attachment wp-att-8333\"><img loading=\"lazy\" decoding=\"async\" class=\"alignnone size-large wp-image-8333\" src=\"https:\/\/blogs.correiobraziliense.com.br\/vicente\/wp-content\/uploads\/sites\/16\/2018\/06\/salavip-576x1024.jpg\" alt=\"salavip\" width=\"576\" height=\"1024\" srcset=\"https:\/\/blogs.correiobraziliense.com.br\/vicente\/wp-content\/uploads\/sites\/16\/2018\/06\/salavip-576x1024.jpg 576w, https:\/\/blogs.correiobraziliense.com.br\/vicente\/wp-content\/uploads\/sites\/16\/2018\/06\/salavip-169x300.jpg 169w, https:\/\/blogs.correiobraziliense.com.br\/vicente\/wp-content\/uploads\/sites\/16\/2018\/06\/salavip-197x350.jpg 197w, https:\/\/blogs.correiobraziliense.com.br\/vicente\/wp-content\/uploads\/sites\/16\/2018\/06\/salavip-550x978.jpg 550w, https:\/\/blogs.correiobraziliense.com.br\/vicente\/wp-content\/uploads\/sites\/16\/2018\/06\/salavip-230x409.jpg 230w, https:\/\/blogs.correiobraziliense.com.br\/vicente\/wp-content\/uploads\/sites\/16\/2018\/06\/salavip.jpg 720w\" sizes=\"auto, (max-width: 576px) 100vw, 576px\" \/><\/a><\/p>\n<p>&nbsp;<\/p>\n<p>Os mesmos funcion\u00e1rios dizem que os administradores do aeroporto n\u00e3o podem botar a culpa na greve dos caminhoneiros. \u00c9 falta de respeito aos clientes mesmo.<\/p>\n<p>&nbsp;<\/p>\n<p>N\u00e3o custa lembrar: nos \u00faltimos meses, o ingresso para a sala vip passou de R$ 100 para R$ 120 e, agora, para R$ 150. Um aumento de 50%. Enquanto isso, a qualidade dos servi\u00e7os s\u00f3 cai.<\/p>\n<p>&nbsp;<\/p>\n<p><em>Bras\u00edlia, 16h32min<\/em><\/p>\n","protected":false},"excerpt":{"rendered":"<p>A crise est\u00e1 feia. Quem se dispuser a pagar R$ 150 para entrar na sala vip do aeroporto de Bras\u00edlia ter\u00e1 que tomar vinho no copo d&#8217;\u00e1gua. As ta\u00e7as est\u00e3o em falta no local. &nbsp; Segundo funcion\u00e1rios do atendimento da sala vip, s\u00f3 h\u00e1 tr\u00eas ta\u00e7as de vinho dispon\u00edveis. As demais quebraram e n\u00e3o foram [&hellip;]<\/p>\n","protected":false},"author":22,"featured_media":0,"comment_status":"open","ping_status":"closed","sticky":false,"template":"","format":"standard","meta":{"footnotes":""},"categories":[600],"tags":[3438,926,3437,3439,3440],"class_list":["post-8332","post","type-post","status-publish","format-standard","hentry","category-economia","tag-aeroporto","tag-brasilia","tag-sala-vip","tag-taca","tag-vinho"],"_links":{"self":[{"href":"https:\/\/blogs.correiobraziliense.com.br\/vicente\/wp-json\/wp\/v2\/posts\/8332","targetHints":{"allow":["GET"]}}],"collection":[{"href":"https:\/\/blogs.correiobraziliense.com.br\/vicente\/wp-json\/wp\/v2\/posts"}],"about":[{"href":"https:\/\/blogs.correiobraziliense.com.br\/vicente\/wp-json\/wp\/v2\/types\/post"}],"author":[{"embeddable":true,"href":"https:\/\/blogs.correiobraziliense.com.br\/vicente\/wp-json\/wp\/v2\/users\/22"}],"replies":[{"embeddable":true,"href":"https:\/\/blogs.correiobraziliense.com.br\/vicente\/wp-json\/wp\/v2\/comments?post=8332"}],"version-history":[{"count":2,"href":"https:\/\/blogs.correiobraziliense.com.br\/vicente\/wp-json\/wp\/v2\/posts\/8332\/revisions"}],"predecessor-version":[{"id":8335,"href":"https:\/\/blogs.correiobraziliense.com.br\/vicente\/wp-json\/wp\/v2\/posts\/8332\/revisions\/8335"}],"wp:attachment":[{"href":"https:\/\/blogs.correiobraziliense.com.br\/vicente\/wp-json\/wp\/v2\/media?parent=8332"}],"wp:term":[{"taxonomy":"category","embeddable":true,"href":"https:\/\/blogs.correiobraziliense.com.br\/vicente\/wp-json\/wp\/v2\/categories?post=8332"},{"taxonomy":"post_tag","embeddable":true,"href":"https:\/\/blogs.correiobraziliense.com.br\/vicente\/wp-json\/wp\/v2\/tags?post=8332"}],"curies":[{"name":"wp","href":"https:\/\/api.w.org\/{rel}","templated":true}]}}