{"id":8330,"date":"2018-06-09T13:01:09","date_gmt":"2018-06-09T16:01:09","guid":{"rendered":"https:\/\/blogs.correiobraziliense.com.br\/vicente\/?p=8330"},"modified":"2018-06-09T13:23:22","modified_gmt":"2018-06-09T16:23:22","slug":"pesquisas-de-bancos-mostram-bolsonaro-e-ciro-no-segundo-turno","status":"publish","type":"post","link":"https:\/\/blogs.correiobraziliense.com.br\/vicente\/pesquisas-de-bancos-mostram-bolsonaro-e-ciro-no-segundo-turno\/","title":{"rendered":"Pesquisas de bancos mostram Bolsonaro e Ciro no segundo turno"},"content":{"rendered":"<h2>Pesquisas internas feitas por grandes bancos do pa\u00eds mostram que, se as elei\u00e7\u00f5es fossem hoje, os candidatos Jair Bolsonaro (PSL) e Ciro Gomes (PDT) iriam para o segundo turno, com vit\u00f3ria de Bolsonaro na disputa final. Esses levantamentos s\u00e3o para consumo interno. N\u00e3o est\u00e3o registrados no Tribunal Superior Eleitoral (TSE).<\/h2>\n<p>&nbsp;<\/p>\n<p>Diz um executivo de um dos bancos: &#8220;Infelizmente, nenhum desses dois candidatos espelha o desejo do mercado. Confirmado esse quadro, o estresse que vimos nos \u00faltimos dias, que levou o Banco Central a anunciar uma megainterven\u00e7\u00e3o no c\u00e2mbio, ser\u00e1 pequeno. Nem Bolsonaro nem Ciro est\u00e3o dentro do perfil de gestor que o Brasil precisa&#8221;.<\/p>\n<p>&nbsp;<\/p>\n<p>Na avalia\u00e7\u00e3o dos bancos, as amostras das pesquisas confirmam o que se v\u00ea nas redes sociais, nas quais Bolsonaro e Ciro dominam as aten\u00e7\u00f5es. &#8220;T\u00ednhamos uma vis\u00e3o muito tradicional. Acredit\u00e1vamos que o segundo turno seria entre um candidato do centro, provavelmente Geraldo Alckmin (PSDB), e Bolsonaro. Mas vimos que, no mundo das redes sociais, o Brasil \u00e9 outro&#8221;, explica outro executivo.<\/p>\n<p>&nbsp;<\/p>\n<p>Ningu\u00e9m descarta uma vit\u00f3ria de Bolsonaro no primeiro turno. &#8220;Mesmo eleitores mais conscientes do centro podem migrar para Bolsonaro na reta final da disputa se perceberem que seus candidatos n\u00e3o t\u00eam chances. Temos um voto muito raivoso. Muitas pessoas espelham em suas escolhas a raiva do PT, a raiva dos partidos de esquerda&#8221;, acrescenta esse outro executivo.<\/p>\n<p>&nbsp;<\/p>\n<p>Para os bancos, ainda d\u00e1 tempo de mudar esse quadro. Mas, para isso, ser\u00e1 preciso que todo o centro se una em torno de um candidato vi\u00e1vel. &#8220;Neste momento, infelizmente, n\u00e3o vemos isso. Portanto, as pr\u00f3ximas semanas ser\u00e3o decisivas. \u00c9 preciso que todos se deem conta das amea\u00e7as que est\u00e3o rondando o pa\u00eds&#8221;, ressalta o primeiro executivo.<\/p>\n<p>&nbsp;<\/p>\n<p>Na vis\u00e3o de analistas, os votos de Bolsonaro est\u00e3o muito consolidados. E, como o pa\u00eds n\u00e3o sai da crise, com den\u00fancias sucessivas contra pol\u00edticos poderosos e economia afundando, os eleitores mais desiludidos tendem a abra\u00e7ar o discurso populista de que o capit\u00e3o do Ex\u00e9rcito \u00e9 o \u00fanico que pode salvar a p\u00e1tria.<\/p>\n<p>&nbsp;<\/p>\n<p><em>Bras\u00edlia, 13h01min<\/em><\/p>\n","protected":false},"excerpt":{"rendered":"<p>Pesquisas internas feitas por grandes bancos do pa\u00eds mostram que, se as elei\u00e7\u00f5es fossem hoje, os candidatos Jair Bolsonaro (PSL) e Ciro Gomes (PDT) iriam para o segundo turno, com vit\u00f3ria de Bolsonaro na disputa final. Esses levantamentos s\u00e3o para consumo interno. N\u00e3o est\u00e3o registrados no Tribunal Superior Eleitoral (TSE). &nbsp; Diz um executivo de [&hellip;]<\/p>\n","protected":false},"author":22,"featured_media":0,"comment_status":"open","ping_status":"closed","sticky":false,"template":"","format":"standard","meta":{"footnotes":""},"categories":[600],"tags":[2554,3436,665,2921,1217],"class_list":["post-8330","post","type-post","status-publish","format-standard","hentry","category-economia","tag-bolsonaro","tag-ciro","tag-eleicoes","tag-pesquisas","tag-tse"],"_links":{"self":[{"href":"https:\/\/blogs.correiobraziliense.com.br\/vicente\/wp-json\/wp\/v2\/posts\/8330","targetHints":{"allow":["GET"]}}],"collection":[{"href":"https:\/\/blogs.correiobraziliense.com.br\/vicente\/wp-json\/wp\/v2\/posts"}],"about":[{"href":"https:\/\/blogs.correiobraziliense.com.br\/vicente\/wp-json\/wp\/v2\/types\/post"}],"author":[{"embeddable":true,"href":"https:\/\/blogs.correiobraziliense.com.br\/vicente\/wp-json\/wp\/v2\/users\/22"}],"replies":[{"embeddable":true,"href":"https:\/\/blogs.correiobraziliense.com.br\/vicente\/wp-json\/wp\/v2\/comments?post=8330"}],"version-history":[{"count":1,"href":"https:\/\/blogs.correiobraziliense.com.br\/vicente\/wp-json\/wp\/v2\/posts\/8330\/revisions"}],"predecessor-version":[{"id":8331,"href":"https:\/\/blogs.correiobraziliense.com.br\/vicente\/wp-json\/wp\/v2\/posts\/8330\/revisions\/8331"}],"wp:attachment":[{"href":"https:\/\/blogs.correiobraziliense.com.br\/vicente\/wp-json\/wp\/v2\/media?parent=8330"}],"wp:term":[{"taxonomy":"category","embeddable":true,"href":"https:\/\/blogs.correiobraziliense.com.br\/vicente\/wp-json\/wp\/v2\/categories?post=8330"},{"taxonomy":"post_tag","embeddable":true,"href":"https:\/\/blogs.correiobraziliense.com.br\/vicente\/wp-json\/wp\/v2\/tags?post=8330"}],"curies":[{"name":"wp","href":"https:\/\/api.w.org\/{rel}","templated":true}]}}