{"id":8322,"date":"2018-06-08T17:51:09","date_gmt":"2018-06-08T20:51:09","guid":{"rendered":"https:\/\/blogs.correiobraziliense.com.br\/vicente\/?p=8322"},"modified":"2018-06-09T12:59:58","modified_gmt":"2018-06-09T15:59:58","slug":"para-bradesco-e-itau-inflacao-sera-maior-e-pib-menor","status":"publish","type":"post","link":"https:\/\/blogs.correiobraziliense.com.br\/vicente\/para-bradesco-e-itau-inflacao-sera-maior-e-pib-menor\/","title":{"rendered":"Para Bradesco e Ita\u00fa, infla\u00e7\u00e3o ser\u00e1 maior e PIB menor"},"content":{"rendered":"<h2>POR ANTONIO TEM\u00d3TEO<\/h2>\n<h2><\/h2>\n<h2>Os dois maiores bancos privados do pa\u00eds, Bradesco e Ita\u00fa Unibanco, revisaram as proje\u00e7\u00f5es para o crescimento econ\u00f4mico para a infla\u00e7\u00e3o. O diretor de Pesquisas e Estudos Econ\u00f4micos do Bradesco, Fernando Honorato Barbosa, estima que o Produto Interno Bruto (PIB) ter\u00e1 alta de apenas 1,5% e que o \u00cdndice de Pre\u00e7os ao Consumidor Amplo (IPCA) subir\u00e1 3,9%.<span class=\"Apple-converted-space\">\u00a0<\/span><\/h2>\n<p>&nbsp;<\/p>\n<p>Barbosa ressaltou que maio\u00a0foi caracterizado por volatilidade significativa dos pre\u00e7os de ativos dom\u00e9sticos e externo.\u00a0\u201cO cen\u00e1rio econ\u00f4mico, \u00e9 verdade, segue vol\u00e1til, mas acreditamos que ainda persistem fundamentos mais positivos do que negativos\u201d, afirmou.<\/p>\n<p>&nbsp;<\/p>\n<p>J\u00e1 o economista-chefe do Ita\u00fa, M\u00e1rio Mesquita, projetou que a gera\u00e7\u00e3o de riquezas no pa\u00eds ter\u00e1 eleva\u00e7\u00e3o de apenas 1,7% e que a infla\u00e7\u00e3o registrar\u00e1 alta de 3,8%. \u201cO cen\u00e1rio \u00e9 crescentemente desafiador\u201d, escreveu Mesquita aos clientes em relat\u00f3rio publicado hoje.<span class=\"Apple-converted-space\">\u00a0<\/span><\/p>\n<p>&nbsp;<\/p>\n<p>&nbsp;<\/p>\n","protected":false},"excerpt":{"rendered":"<p>POR ANTONIO TEM\u00d3TEO Os dois maiores bancos privados do pa\u00eds, Bradesco e Ita\u00fa Unibanco, revisaram as proje\u00e7\u00f5es para o crescimento econ\u00f4mico para a infla\u00e7\u00e3o. O diretor de Pesquisas e Estudos Econ\u00f4micos do Bradesco, Fernando Honorato Barbosa, estima que o Produto Interno Bruto (PIB) ter\u00e1 alta de apenas 1,5% e que o \u00cdndice de Pre\u00e7os ao [&hellip;]<\/p>\n","protected":false},"author":22,"featured_media":0,"comment_status":"open","ping_status":"closed","sticky":false,"template":"","format":"standard","meta":{"footnotes":""},"categories":[600],"tags":[491,1712,14,1213,1212,58],"class_list":["post-8322","post","type-post","status-publish","format-standard","hentry","category-economia","tag-bradesco","tag-crescimento-economico","tag-inflacao","tag-ipca","tag-itau-unibanco","tag-pib"],"_links":{"self":[{"href":"https:\/\/blogs.correiobraziliense.com.br\/vicente\/wp-json\/wp\/v2\/posts\/8322","targetHints":{"allow":["GET"]}}],"collection":[{"href":"https:\/\/blogs.correiobraziliense.com.br\/vicente\/wp-json\/wp\/v2\/posts"}],"about":[{"href":"https:\/\/blogs.correiobraziliense.com.br\/vicente\/wp-json\/wp\/v2\/types\/post"}],"author":[{"embeddable":true,"href":"https:\/\/blogs.correiobraziliense.com.br\/vicente\/wp-json\/wp\/v2\/users\/22"}],"replies":[{"embeddable":true,"href":"https:\/\/blogs.correiobraziliense.com.br\/vicente\/wp-json\/wp\/v2\/comments?post=8322"}],"version-history":[{"count":2,"href":"https:\/\/blogs.correiobraziliense.com.br\/vicente\/wp-json\/wp\/v2\/posts\/8322\/revisions"}],"predecessor-version":[{"id":8329,"href":"https:\/\/blogs.correiobraziliense.com.br\/vicente\/wp-json\/wp\/v2\/posts\/8322\/revisions\/8329"}],"wp:attachment":[{"href":"https:\/\/blogs.correiobraziliense.com.br\/vicente\/wp-json\/wp\/v2\/media?parent=8322"}],"wp:term":[{"taxonomy":"category","embeddable":true,"href":"https:\/\/blogs.correiobraziliense.com.br\/vicente\/wp-json\/wp\/v2\/categories?post=8322"},{"taxonomy":"post_tag","embeddable":true,"href":"https:\/\/blogs.correiobraziliense.com.br\/vicente\/wp-json\/wp\/v2\/tags?post=8322"}],"curies":[{"name":"wp","href":"https:\/\/api.w.org\/{rel}","templated":true}]}}