{"id":8308,"date":"2018-06-07T16:31:01","date_gmt":"2018-06-07T19:31:01","guid":{"rendered":"https:\/\/blogs.correiobraziliense.com.br\/vicente\/?p=8308"},"modified":"2018-06-07T19:38:02","modified_gmt":"2018-06-07T22:38:02","slug":"temer-assinara-mp-para-garantir-recursos-fundo-de-seguranca","status":"publish","type":"post","link":"https:\/\/blogs.correiobraziliense.com.br\/vicente\/temer-assinara-mp-para-garantir-recursos-fundo-de-seguranca\/","title":{"rendered":"Temer assinar\u00e1 MP para garantir recursos a fundo de seguran\u00e7a"},"content":{"rendered":"<h2>RODOLFO COSTA<\/h2>\n<h2><\/h2>\n<h2>O presidente Michel Temer vai assinar na segunda-feira (11\/06) a Medida Provis\u00f3ria (MP) que assegura o or\u00e7amento permanente do Fundo Nacional de Desenvolvimento da Seguran\u00e7a P\u00fablica (FNDSP). O texto prev\u00ea a destina\u00e7\u00e3o de recursos para o setor aos 26 estados, al\u00e9m do Distrito Federal. No mesmo dia, o emedebista tamb\u00e9m sanciona o Sistema \u00danico de Seguran\u00e7a P\u00fablica (SUSP), que prev\u00ea a integra\u00e7\u00e3o e unifica\u00e7\u00e3o de dados e intelig\u00eancia dos \u00f3rg\u00e3os de seguran\u00e7a de todas as unidades federativas.<\/h2>\n<p>&nbsp;<\/p>\n<p>A informa\u00e7\u00e3o do volume de recursos do FNDSP ainda est\u00e1 guardada a sete chaves. Interlocutores do governo federal frisam que \u00e9 uma compet\u00eancia de Temer anunciar, mas asseguram que o montante \u00e9 elevado. A MP estava sendo discutida desde abril, quando foi anunciada pelo ministro extraordin\u00e1rio da Seguran\u00e7a P\u00fablica, Raul Jungmann. A expectativa dele era ter o texto assinado de maneira r\u00e1pida, mas foram necess\u00e1rias muitas negocia\u00e7\u00f5es entre as pastas do governo para remanejar recursos para o fundo.<\/p>\n<p>&nbsp;<\/p>\n<p>O fundo ser\u00e1 reformulado para atender a transfer\u00eancia de recursos \u201cfundo a fundo\u201d, em moldes de contratos de gest\u00e3o, e n\u00e3o por meio de transfer\u00eancias de conv\u00eanios. O contrato prev\u00ea a destina\u00e7\u00e3o de recursos mediante contrapartidas. O governo federal exigir\u00e1 em troca do repasse do dinheiro que as unidades federativas estabele\u00e7am metas como: redu\u00e7\u00e3o de \u00edndices de homic\u00eddio; melhoria na forma\u00e7\u00e3o de policiais; e implementa\u00e7\u00e3o de corregedorias independentes. Outro requisito fundamental \u00e9 a transpar\u00eancia na divulga\u00e7\u00e3o de dados.<\/p>\n<p>&nbsp;<\/p>\n<p>Em abril, quando o ministro extraordin\u00e1rio da Seguran\u00e7a P\u00fablica, Raul Jungmann, anunciou a previs\u00e3o da MP, ele ressaltou que h\u00e1 estados sonegando informa\u00e7\u00f5es. Por isso, a transpar\u00eancia nos dados \u00e9 tratada como essencial para o governo. A reestrutura\u00e7\u00e3o do FNDSP, para atender por meio de contratos de gest\u00e3o, possibilita at\u00e9 que os estados possam receber o dinheiro ainda em 2018. No modelo de transfer\u00eancia, os estados n\u00e3o teriam acesso aos recursos devido ao impedimento da legisla\u00e7\u00e3o eleitoral, que veda repasses seis meses antes do pleito.<\/p>\n<p>&nbsp;<\/p>\n<p>O governo espera que os investimentos permitam aos estados equipar as pol\u00edcias e aprimorar os servi\u00e7os de intelig\u00eancia. A origem dos recursos vir\u00e1 das loterias esportivas da Caixa Econ\u00f4mica Federal.<\/p>\n<p>&nbsp;<\/p>\n<p><em>Bras\u00edlia, 16h31min<\/em><\/p>\n","protected":false},"excerpt":{"rendered":"<p>RODOLFO COSTA O presidente Michel Temer vai assinar na segunda-feira (11\/06) a Medida Provis\u00f3ria (MP) que assegura o or\u00e7amento permanente do Fundo Nacional de Desenvolvimento da Seguran\u00e7a P\u00fablica (FNDSP). O texto prev\u00ea a destina\u00e7\u00e3o de recursos para o setor aos 26 estados, al\u00e9m do Distrito Federal. No mesmo dia, o emedebista tamb\u00e9m sanciona o Sistema [&hellip;]<\/p>\n","protected":false},"author":22,"featured_media":0,"comment_status":"open","ping_status":"closed","sticky":false,"template":"","format":"standard","meta":{"footnotes":""},"categories":[600],"tags":[],"class_list":["post-8308","post","type-post","status-publish","format-standard","hentry","category-economia"],"_links":{"self":[{"href":"https:\/\/blogs.correiobraziliense.com.br\/vicente\/wp-json\/wp\/v2\/posts\/8308","targetHints":{"allow":["GET"]}}],"collection":[{"href":"https:\/\/blogs.correiobraziliense.com.br\/vicente\/wp-json\/wp\/v2\/posts"}],"about":[{"href":"https:\/\/blogs.correiobraziliense.com.br\/vicente\/wp-json\/wp\/v2\/types\/post"}],"author":[{"embeddable":true,"href":"https:\/\/blogs.correiobraziliense.com.br\/vicente\/wp-json\/wp\/v2\/users\/22"}],"replies":[{"embeddable":true,"href":"https:\/\/blogs.correiobraziliense.com.br\/vicente\/wp-json\/wp\/v2\/comments?post=8308"}],"version-history":[{"count":1,"href":"https:\/\/blogs.correiobraziliense.com.br\/vicente\/wp-json\/wp\/v2\/posts\/8308\/revisions"}],"predecessor-version":[{"id":8309,"href":"https:\/\/blogs.correiobraziliense.com.br\/vicente\/wp-json\/wp\/v2\/posts\/8308\/revisions\/8309"}],"wp:attachment":[{"href":"https:\/\/blogs.correiobraziliense.com.br\/vicente\/wp-json\/wp\/v2\/media?parent=8308"}],"wp:term":[{"taxonomy":"category","embeddable":true,"href":"https:\/\/blogs.correiobraziliense.com.br\/vicente\/wp-json\/wp\/v2\/categories?post=8308"},{"taxonomy":"post_tag","embeddable":true,"href":"https:\/\/blogs.correiobraziliense.com.br\/vicente\/wp-json\/wp\/v2\/tags?post=8308"}],"curies":[{"name":"wp","href":"https:\/\/api.w.org\/{rel}","templated":true}]}}