{"id":8306,"date":"2018-06-07T19:25:04","date_gmt":"2018-06-07T22:25:04","guid":{"rendered":"https:\/\/blogs.correiobraziliense.com.br\/vicente\/?p=8306"},"modified":"2018-06-07T19:43:32","modified_gmt":"2018-06-07T22:43:32","slug":"bc-ofertara-us-20-bilhoes-em-swaps-ate-o-fim-da-proxima-semana","status":"publish","type":"post","link":"https:\/\/blogs.correiobraziliense.com.br\/vicente\/bc-ofertara-us-20-bilhoes-em-swaps-ate-o-fim-da-proxima-semana\/","title":{"rendered":"BC ofertar\u00e1 US$ 20 bilh\u00f5es em swaps at\u00e9 o fim da pr\u00f3xima semana"},"content":{"rendered":"<h2>ANTONIO TEM\u00d3TEO<\/h2>\n<h2><\/h2>\n<h2>O presidente do Banco Central (BC), Ilan Goldfajn, anunciou que ofertar\u00e1 US$ 20 bilh\u00f5es em contratos de swaps at\u00e9 o fim da pr\u00f3xima semana para prote\u00e7\u00e3o aos investidores. Al\u00e9m disso, ele deixou claro que, se for necess\u00e1rio, alcan\u00e7ar\u00e1 patamares superiores aos US$ 110 bilh\u00f5es de estoque de contratos atingidos durante a gest\u00e3o de Alexandre Tombini.<span class=\"Apple-converted-space\">\u00a0<\/span><\/h2>\n<p>&nbsp;<\/p>\n<p>A decis\u00e3o do BC ocorreu ap\u00f3s a moeda norte-americana disparar pelo terceiro preg\u00e3o consecutivo, com eleva\u00e7\u00e3o de 2,19%, vendida a R$ 3,922. Goldfajn ainda colocou fim em boatos de que deixaria o comando do BC, indicou que o Brasil n\u00e3o sofre ataques especulativos e detalhou que usar\u00e1 todos os instrumentos existentes para conter a volatilidade do d\u00f3lar.<span class=\"Apple-converted-space\">\u00a0<\/span><\/p>\n<p>&nbsp;<\/p>\n<p>O presidente da autoridade monet\u00e1ria deixou claro que se houver demanda far\u00e1 leil\u00f5es de linha ou<span class=\"Apple-converted-space\">\u00a0 <\/span>usar\u00e1 os US$ 380 bilh\u00f5es de reservas internacionais. Para ele, o cen\u00e1rio atual decorre de uma piora do ambiente internacional. \u201cHouve uma mudan\u00e7a significativa do cen\u00e1rio externo em rela\u00e7\u00e3o ao apetite dos investidores \u00e0s v\u00e1rias economias emergentes. N\u00f3s aqui ja v\u00ednhamos falando que o cen\u00e1rio internacional era benigno, mas era um interregno e poderia mudar\u201d, destacou.<span class=\"Apple-converted-space\">\u00a0<\/span><\/p>\n<p>&nbsp;<\/p>\n<p>Outro boato que foi recha\u00e7ado por Goldfajn foi a possiblidade de convoca\u00e7\u00e3o de reuni\u00f5es extraordin\u00e1rias do Comit\u00ea de Pol\u00edtica Monet\u00e1ria (Copom) para revisar o percentual da taxa b\u00e1sica de juros (Selic). Conforme ele, os encontros ocorrem a cada 45 dias e s\u00e3o a melhor oportunidade para avaliar se houve ou n\u00e3o mudan\u00e7a no balan\u00e7o de riscos.<span class=\"Apple-converted-space\">\u00a0<\/span><\/p>\n","protected":false},"excerpt":{"rendered":"<p>ANTONIO TEM\u00d3TEO O presidente do Banco Central (BC), Ilan Goldfajn, anunciou que ofertar\u00e1 US$ 20 bilh\u00f5es em contratos de swaps at\u00e9 o fim da pr\u00f3xima semana para prote\u00e7\u00e3o aos investidores. Al\u00e9m disso, ele deixou claro que, se for necess\u00e1rio, alcan\u00e7ar\u00e1 patamares superiores aos US$ 110 bilh\u00f5es de estoque de contratos atingidos durante a gest\u00e3o de [&hellip;]<\/p>\n","protected":false},"author":22,"featured_media":0,"comment_status":"open","ping_status":"closed","sticky":false,"template":"","format":"standard","meta":{"footnotes":""},"categories":[600],"tags":[3,849,343,107,1476,1030,1477],"class_list":["post-8306","post","type-post","status-publish","format-standard","hentry","category-economia","tag-banco-central","tag-cambio","tag-dolar","tag-ilan-goldfajn","tag-swap","tag-swap-cambial","tag-volatilidade"],"_links":{"self":[{"href":"https:\/\/blogs.correiobraziliense.com.br\/vicente\/wp-json\/wp\/v2\/posts\/8306","targetHints":{"allow":["GET"]}}],"collection":[{"href":"https:\/\/blogs.correiobraziliense.com.br\/vicente\/wp-json\/wp\/v2\/posts"}],"about":[{"href":"https:\/\/blogs.correiobraziliense.com.br\/vicente\/wp-json\/wp\/v2\/types\/post"}],"author":[{"embeddable":true,"href":"https:\/\/blogs.correiobraziliense.com.br\/vicente\/wp-json\/wp\/v2\/users\/22"}],"replies":[{"embeddable":true,"href":"https:\/\/blogs.correiobraziliense.com.br\/vicente\/wp-json\/wp\/v2\/comments?post=8306"}],"version-history":[{"count":3,"href":"https:\/\/blogs.correiobraziliense.com.br\/vicente\/wp-json\/wp\/v2\/posts\/8306\/revisions"}],"predecessor-version":[{"id":8311,"href":"https:\/\/blogs.correiobraziliense.com.br\/vicente\/wp-json\/wp\/v2\/posts\/8306\/revisions\/8311"}],"wp:attachment":[{"href":"https:\/\/blogs.correiobraziliense.com.br\/vicente\/wp-json\/wp\/v2\/media?parent=8306"}],"wp:term":[{"taxonomy":"category","embeddable":true,"href":"https:\/\/blogs.correiobraziliense.com.br\/vicente\/wp-json\/wp\/v2\/categories?post=8306"},{"taxonomy":"post_tag","embeddable":true,"href":"https:\/\/blogs.correiobraziliense.com.br\/vicente\/wp-json\/wp\/v2\/tags?post=8306"}],"curies":[{"name":"wp","href":"https:\/\/api.w.org\/{rel}","templated":true}]}}