{"id":8295,"date":"2018-06-07T17:59:10","date_gmt":"2018-06-07T20:59:10","guid":{"rendered":"https:\/\/blogs.correiobraziliense.com.br\/vicente\/?p=8295"},"modified":"2018-06-07T19:09:27","modified_gmt":"2018-06-07T22:09:27","slug":"dolar-fecha-cotado-r-392-e-bolsa-desaba-quase-3","status":"publish","type":"post","link":"https:\/\/blogs.correiobraziliense.com.br\/vicente\/dolar-fecha-cotado-r-392-e-bolsa-desaba-quase-3\/","title":{"rendered":"D\u00f3lar fecha cotado a R$ 3,92 e Bolsa desaba quase 3%"},"content":{"rendered":"<h2>Foi um dia terr\u00edvel no mercado financeiro. Diante das incertezas pol\u00edticas e da incapacidade do governo de resolver os problemas fiscais do pa\u00eds, os investidores correram em busca de d\u00f3lares e venderam o que puderam nas bolsas de valores. Como resultado disso, o d\u00f3lar, que chegou a bater em R$ 3,96 \u00e0s 14h45min, encerrou a quinta-feira (07\/06) valendo R$ 3,92, com alta de 2,2%. O Ibovespa, \u00edndice de lucratividade do preg\u00e3o paulista, desabou 2,98%, para os 73.851 pontos. Antes do fechamento, por\u00e9m, chegou a recuar 6,51%, para os 71.162 pontos, num clima de p\u00e2nico. No total, o valor de mercado das empresas caiu R$ 57 bilh\u00f5es apenas nesta sexta.<\/h2>\n<p>&nbsp;<\/p>\n<p>O tamanho do nervosismo do mercado assustou o Pal\u00e1cio do Planalto, que pediu uma a\u00e7\u00e3o mais concreta do Banco Central para conter os estragos. N\u00e3o por acaso, o presidente da institui\u00e7\u00e3o, Ilan Goldfajn, convocou uma entrevista coletiva para \u00e0s 18h30, depois dos fechamentos dos mercados. Ilan deve anunciar uma a\u00e7\u00e3o mais dura no mercado de c\u00e2mbio para reduzir a volatilidade da moeda norte-americana, que j\u00e1 afeta a infla\u00e7\u00e3o e estimula debates entre os investidores sobre poss\u00edvel aumento dos juros.<\/p>\n<p>&nbsp;<\/p>\n<p>O governo s\u00f3 esperava que o d\u00f3lar atingisse os R$ 4 mais pr\u00f3ximo das elei\u00e7\u00f5es, entre agosto e setembro. Mas a falta de um candidato competitivo nas elei\u00e7\u00f5es comprometido com reformas e a lideran\u00e7a de Jair Bolsonaro e Ciro Gomes nas inten\u00e7\u00f5es de votos est\u00e3o enlouquecendo os investidores, que buscam prote\u00e7\u00e3o na moeda norte-americana. Agora, integrantes do governo j\u00e1 falam na possibilidade de o d\u00f3lar atingir R$ 5 se realmente Ciro e Bolsonaro forem para o segundo turno.<\/p>\n<p>&nbsp;<\/p>\n<p>A onda de desconfian\u00e7a que varre o mercado pega o pa\u00eds em um momento delicado. O governo est\u00e1 completamente perdido, criando uma confus\u00e3o atr\u00e1s da outra depois da greve dos caminhoneiros, e n\u00e3o conseguiu resolver os problemas fiscais. A situa\u00e7\u00e3o se agrava porque os investidores estrangeiros est\u00e3o cada vez mais arredios a pa\u00edses emergentes, ante a perspectiva de aumento mais forte das taxas de juros nos Estados Unidos.<\/p>\n<p>&nbsp;<\/p>\n<p>A situa\u00e7\u00e3o est\u00e1 t\u00e3o dram\u00e1tica, que o governo n\u00e3o est\u00e1 conseguindo colocar t\u00edtulos p\u00fablicos no mercado. Na verdade, o Tesouro Nacional est\u00e1 sendo obrigado a recomprar pap\u00e9is, porque os investidores n\u00e3o querem ficar com mais preju\u00edzos. O governo, inclusive, teve que suspender as negocia\u00e7\u00f5es de t\u00edtulos do Tesouro Direto.<\/p>\n<p>&nbsp;<\/p>\n<p><em>Bras\u00edlia, 17h59min<\/em><\/p>\n","protected":false},"excerpt":{"rendered":"<p>Foi um dia terr\u00edvel no mercado financeiro. Diante das incertezas pol\u00edticas e da incapacidade do governo de resolver os problemas fiscais do pa\u00eds, os investidores correram em busca de d\u00f3lares e venderam o que puderam nas bolsas de valores. Como resultado disso, o d\u00f3lar, que chegou a bater em R$ 3,96 \u00e0s 14h45min, encerrou a [&hellip;]<\/p>\n","protected":false},"author":22,"featured_media":0,"comment_status":"open","ping_status":"closed","sticky":false,"template":"","format":"standard","meta":{"footnotes":""},"categories":[600],"tags":[],"class_list":["post-8295","post","type-post","status-publish","format-standard","hentry","category-economia"],"_links":{"self":[{"href":"https:\/\/blogs.correiobraziliense.com.br\/vicente\/wp-json\/wp\/v2\/posts\/8295","targetHints":{"allow":["GET"]}}],"collection":[{"href":"https:\/\/blogs.correiobraziliense.com.br\/vicente\/wp-json\/wp\/v2\/posts"}],"about":[{"href":"https:\/\/blogs.correiobraziliense.com.br\/vicente\/wp-json\/wp\/v2\/types\/post"}],"author":[{"embeddable":true,"href":"https:\/\/blogs.correiobraziliense.com.br\/vicente\/wp-json\/wp\/v2\/users\/22"}],"replies":[{"embeddable":true,"href":"https:\/\/blogs.correiobraziliense.com.br\/vicente\/wp-json\/wp\/v2\/comments?post=8295"}],"version-history":[{"count":9,"href":"https:\/\/blogs.correiobraziliense.com.br\/vicente\/wp-json\/wp\/v2\/posts\/8295\/revisions"}],"predecessor-version":[{"id":8304,"href":"https:\/\/blogs.correiobraziliense.com.br\/vicente\/wp-json\/wp\/v2\/posts\/8295\/revisions\/8304"}],"wp:attachment":[{"href":"https:\/\/blogs.correiobraziliense.com.br\/vicente\/wp-json\/wp\/v2\/media?parent=8295"}],"wp:term":[{"taxonomy":"category","embeddable":true,"href":"https:\/\/blogs.correiobraziliense.com.br\/vicente\/wp-json\/wp\/v2\/categories?post=8295"},{"taxonomy":"post_tag","embeddable":true,"href":"https:\/\/blogs.correiobraziliense.com.br\/vicente\/wp-json\/wp\/v2\/tags?post=8295"}],"curies":[{"name":"wp","href":"https:\/\/api.w.org\/{rel}","templated":true}]}}