{"id":8293,"date":"2018-06-07T18:04:33","date_gmt":"2018-06-07T21:04:33","guid":{"rendered":"https:\/\/blogs.correiobraziliense.com.br\/vicente\/?p=8293"},"modified":"2018-06-07T18:04:33","modified_gmt":"2018-06-07T21:04:33","slug":"apos-pressoes-do-mercado-presidente-do-bc-anuncia-coletiva","status":"publish","type":"post","link":"https:\/\/blogs.correiobraziliense.com.br\/vicente\/apos-pressoes-do-mercado-presidente-do-bc-anuncia-coletiva\/","title":{"rendered":"Ap\u00f3s press\u00f5es do mercado, presidente do BC anuncia coletiva"},"content":{"rendered":"<p>POR ANTONIO TEM\u00d3TEO<\/p>\n<p>&nbsp;<\/p>\n<p>Ap\u00f3s o terceiro preg\u00e3o de valoriza\u00e7\u00e3o do d\u00f3lar, que registrou alta de 2,19%, vendido a R$ 3,922, o presidente do Banco Central (BC), Ilan Goldfajn, anunciou que dar\u00e1 uma coletiva \u00e0s 18h30. A equipe do chefe da autoridade monet\u00e1ria tem sido criticada pela falta de di\u00e1logo com os investidores diante da volatilidade dos mercados.<\/p>\n<p>&nbsp;<\/p>\n<p>No Pal\u00e1cio do Planalto, auxiliares do presidente Michel Temer temem que o pre\u00e7o da divisa norte-americana ultrapasse os R$ 5, diante da fraqueza do Executivo.\u00a0Assessores de Temer reconhecem que o governo est\u00e1 pagando o pre\u00e7o da desorganiza\u00e7\u00e3o e de n\u00e3o ter feito um ajuste fiscal de verdade.<\/p>\n<p>&nbsp;<\/p>\n<p>Este ser\u00e1 o quinto ano seguido de rombo nas contas p\u00fablicas. \u201cMas a maior parte da fatura vem das indefini\u00e7\u00f5es das elei\u00e7\u00f5es, sobre as quais o governo n\u00e3o tem qualquer controle. A indefini\u00e7\u00e3o do quadro eleitoral agrava a fragilidade do governo\u201d, reconhece um t\u00e9cnico da equipe econ\u00f4mica.<\/p>\n","protected":false},"excerpt":{"rendered":"<p>POR ANTONIO TEM\u00d3TEO &nbsp; Ap\u00f3s o terceiro preg\u00e3o de valoriza\u00e7\u00e3o do d\u00f3lar, que registrou alta de 2,19%, vendido a R$ 3,922, o presidente do Banco Central (BC), Ilan Goldfajn, anunciou que dar\u00e1 uma coletiva \u00e0s 18h30. A equipe do chefe da autoridade monet\u00e1ria tem sido criticada pela falta de di\u00e1logo com os investidores diante da [&hellip;]<\/p>\n","protected":false},"author":22,"featured_media":0,"comment_status":"open","ping_status":"closed","sticky":false,"template":"","format":"standard","meta":{"footnotes":""},"categories":[600],"tags":[3,106,107],"class_list":["post-8293","post","type-post","status-publish","format-standard","hentry","category-economia","tag-banco-central","tag-bc","tag-ilan-goldfajn"],"_links":{"self":[{"href":"https:\/\/blogs.correiobraziliense.com.br\/vicente\/wp-json\/wp\/v2\/posts\/8293","targetHints":{"allow":["GET"]}}],"collection":[{"href":"https:\/\/blogs.correiobraziliense.com.br\/vicente\/wp-json\/wp\/v2\/posts"}],"about":[{"href":"https:\/\/blogs.correiobraziliense.com.br\/vicente\/wp-json\/wp\/v2\/types\/post"}],"author":[{"embeddable":true,"href":"https:\/\/blogs.correiobraziliense.com.br\/vicente\/wp-json\/wp\/v2\/users\/22"}],"replies":[{"embeddable":true,"href":"https:\/\/blogs.correiobraziliense.com.br\/vicente\/wp-json\/wp\/v2\/comments?post=8293"}],"version-history":[{"count":1,"href":"https:\/\/blogs.correiobraziliense.com.br\/vicente\/wp-json\/wp\/v2\/posts\/8293\/revisions"}],"predecessor-version":[{"id":8294,"href":"https:\/\/blogs.correiobraziliense.com.br\/vicente\/wp-json\/wp\/v2\/posts\/8293\/revisions\/8294"}],"wp:attachment":[{"href":"https:\/\/blogs.correiobraziliense.com.br\/vicente\/wp-json\/wp\/v2\/media?parent=8293"}],"wp:term":[{"taxonomy":"category","embeddable":true,"href":"https:\/\/blogs.correiobraziliense.com.br\/vicente\/wp-json\/wp\/v2\/categories?post=8293"},{"taxonomy":"post_tag","embeddable":true,"href":"https:\/\/blogs.correiobraziliense.com.br\/vicente\/wp-json\/wp\/v2\/tags?post=8293"}],"curies":[{"name":"wp","href":"https:\/\/api.w.org\/{rel}","templated":true}]}}