{"id":8291,"date":"2018-06-07T16:15:35","date_gmt":"2018-06-07T19:15:35","guid":{"rendered":"https:\/\/blogs.correiobraziliense.com.br\/vicente\/?p=8291"},"modified":"2018-06-07T17:09:36","modified_gmt":"2018-06-07T20:09:36","slug":"governo-ja-admite-dolar-r-5-e-fala-em-beijo-da-morte","status":"publish","type":"post","link":"https:\/\/blogs.correiobraziliense.com.br\/vicente\/governo-ja-admite-dolar-r-5-e-fala-em-beijo-da-morte\/","title":{"rendered":"Governo j\u00e1 admite d\u00f3lar a R$ 5 e fala em &#8220;beijo da morte&#8221;"},"content":{"rendered":"<h2>O clima no governo azedou de vez. Gente gra\u00fada do Pal\u00e1cio do Planalto admite que o momento \u00e9 o pior para o governo. N\u00e3o h\u00e1 nada a que o presidente Michel Temer pode se apegar para tentar dar um ar de normalidade. Tudo est\u00e1 jogando contra. &#8220;O beijo da morte chegou seis meses antes&#8221;, admite um assessor presidencial.<\/h2>\n<p>&nbsp;<\/p>\n<p>O estopim para a derrocada do governo foi a greve dos caminhoneiros, que explicitou a incapacidade do Planalto de se antecipar a crises. Antes da paralisa\u00e7\u00e3o, j\u00e1 estava evidente que Temer havia perdido apoio no Congresso e n\u00e3o conseguiria aprovar quase nada de interesse do governo, sobretudo da equipe econ\u00f4mica.<\/p>\n<p>&nbsp;<\/p>\n<p>Logo depois do estrago da greve dos caminhoneiros (a crise continua pesada, agora com a guerra em torno dos pre\u00e7os dos fretes), veio a informa\u00e7\u00e3o de que o a Pol\u00edcia Federal teria encontrado R$ 23,6 milh\u00f5es em contas ligadas ao coronel da reserva Jo\u00e3o Baptista Lima , amigo pessoal de Temer, dentro das investiga\u00e7\u00f5es sobre um decreto da \u00e1rea de portos que teria favorecido a empresa Rodrimar. Ressurgiu, portanto, a possibilidade de uma terceira den\u00fancia contra o presidente na C\u00e2mara.<\/p>\n<p>&nbsp;<\/p>\n<p>Agora, o governo est\u00e1 tendo que lidar com uma crise no mercado financeiro, que remonta a 2002, quando o temor dos investidores em rela\u00e7\u00e3o ao que seria um poss\u00edvel governo Lula deixou um rastro de preju\u00edzos no mercado. O d\u00f3lar disparou e a bolsa de valores derreteu.<\/p>\n<p>&nbsp;<\/p>\n<p>O maior medo do Planalto \u00e9 de que, mesmo com a economia afundando e o desemprego em alta, o Banco Central seja obrigado a aumentar a taxa b\u00e1sica de juros (Selic) por causa da disparada do d\u00f3lar. Nesta quinta-feira (07\/06), a moeda norte-americana encostou nos R$ 4, ao bater em R$ 3,96 para venda.<\/p>\n<p>&nbsp;<\/p>\n<p>Se a situa\u00e7\u00e3o piorar, sobretudo por causa das elei\u00e7\u00f5es, com Ciro Gomes (PDT) e Jair Bolsonaro (PSL) liderando as inten\u00e7\u00f5es de votos, o governo admite que o d\u00f3lar pode ir a R$ 5. Nesse contexto, n\u00e3o haver\u00e1 como o BC ficar de bra\u00e7os cruzados, com interven\u00e7\u00f5es moderadas no c\u00e2mbio. H\u00e1 especialistas prevendo que a moeda norte-americana chegar\u00e1 a R$ 5,30 e que o Produto Interno Bruto (PIB) crescer\u00e1 apenas 0,8% neste ano.<\/p>\n<p>&nbsp;<\/p>\n<p>Assessores de Temer reconhecem que o governo est\u00e1 pagando o pre\u00e7o da desorganiza\u00e7\u00e3o e de n\u00e3o ter feito um ajuste fiscal de verdade. Este ser\u00e1 o quinto ano seguido de rombo nas contas p\u00fablicas. &#8220;Mas a maior parte da fatura vem das indefini\u00e7\u00f5es das elei\u00e7\u00f5es, sobre as quais o governo n\u00e3o tem qualquer controle. A indefini\u00e7\u00e3o do quadro eleitoral agrava a fragilidade do governo&#8221;, reconhece um t\u00e9cnico da equipe econ\u00f4mica.<\/p>\n<p>&nbsp;<\/p>\n<p><em>Bras\u00edlia, 16h15min<\/em><\/p>\n","protected":false},"excerpt":{"rendered":"<p>O clima no governo azedou de vez. Gente gra\u00fada do Pal\u00e1cio do Planalto admite que o momento \u00e9 o pior para o governo. N\u00e3o h\u00e1 nada a que o presidente Michel Temer pode se apegar para tentar dar um ar de normalidade. Tudo est\u00e1 jogando contra. &#8220;O beijo da morte chegou seis meses antes&#8221;, admite [&hellip;]<\/p>\n","protected":false},"author":22,"featured_media":0,"comment_status":"open","ping_status":"closed","sticky":false,"template":"","format":"standard","meta":{"footnotes":""},"categories":[600],"tags":[3434,343,467],"class_list":["post-8291","post","type-post","status-publish","format-standard","hentry","category-economia","tag-beijo-da-morte","tag-dolar","tag-governo"],"_links":{"self":[{"href":"https:\/\/blogs.correiobraziliense.com.br\/vicente\/wp-json\/wp\/v2\/posts\/8291","targetHints":{"allow":["GET"]}}],"collection":[{"href":"https:\/\/blogs.correiobraziliense.com.br\/vicente\/wp-json\/wp\/v2\/posts"}],"about":[{"href":"https:\/\/blogs.correiobraziliense.com.br\/vicente\/wp-json\/wp\/v2\/types\/post"}],"author":[{"embeddable":true,"href":"https:\/\/blogs.correiobraziliense.com.br\/vicente\/wp-json\/wp\/v2\/users\/22"}],"replies":[{"embeddable":true,"href":"https:\/\/blogs.correiobraziliense.com.br\/vicente\/wp-json\/wp\/v2\/comments?post=8291"}],"version-history":[{"count":1,"href":"https:\/\/blogs.correiobraziliense.com.br\/vicente\/wp-json\/wp\/v2\/posts\/8291\/revisions"}],"predecessor-version":[{"id":8292,"href":"https:\/\/blogs.correiobraziliense.com.br\/vicente\/wp-json\/wp\/v2\/posts\/8291\/revisions\/8292"}],"wp:attachment":[{"href":"https:\/\/blogs.correiobraziliense.com.br\/vicente\/wp-json\/wp\/v2\/media?parent=8291"}],"wp:term":[{"taxonomy":"category","embeddable":true,"href":"https:\/\/blogs.correiobraziliense.com.br\/vicente\/wp-json\/wp\/v2\/categories?post=8291"},{"taxonomy":"post_tag","embeddable":true,"href":"https:\/\/blogs.correiobraziliense.com.br\/vicente\/wp-json\/wp\/v2\/tags?post=8291"}],"curies":[{"name":"wp","href":"https:\/\/api.w.org\/{rel}","templated":true}]}}