{"id":8284,"date":"2018-06-07T09:50:39","date_gmt":"2018-06-07T12:50:39","guid":{"rendered":"https:\/\/blogs.correiobraziliense.com.br\/vicente\/?p=8284"},"modified":"2018-06-07T10:05:19","modified_gmt":"2018-06-07T13:05:19","slug":"dolar-caminha-para-r-4-e-mercado-fala-em-aumento-dos-juros","status":"publish","type":"post","link":"https:\/\/blogs.correiobraziliense.com.br\/vicente\/dolar-caminha-para-r-4-e-mercado-fala-em-aumento-dos-juros\/","title":{"rendered":"D\u00f3lar caminha para R$ 4 e mercado fala em aumento dos juros"},"content":{"rendered":"<p>O nervosismo tomou conta do mercado financeiro na manh\u00e3 desta quinta-feira (07\/06). O d\u00f3lar abriu as negocia\u00e7\u00f5es cotado a R$ 3,90, com alta de 1,7%, e caminha c\u00e9lere em dire\u00e7\u00e3o aos R$ 4. Muitos operadores j\u00e1 falam sobre a possibilidade de o Banco Central aumentar a taxa b\u00e1sica de juros na reuni\u00e3o deste m\u00eas do Comit\u00ea de Pol\u00edtica Monet\u00e1ria (Copom).<\/p>\n<p>&nbsp;<\/p>\n<p>Com o desempenho desta quinta, o real passou a ser a moeda que mais perdeu valor ante o d\u00f3lar neste ano, posto que vinha sendo ocupado pelo rand sul-africano. O ataque \u00e0s moedas dos pa\u00edses emergentes \u00e9 t\u00e3o forte, que o Banco Central da Turquia elevou, inesperadamente, a taxa de juros para 17,75% ao ano a fim de preservar a lira turca, que tamb\u00e9m registra forte baixa.<\/p>\n<p>&nbsp;<\/p>\n<p>A expectativa \u00e9 de que o Banco Central amplie a interven\u00e7\u00e3o no c\u00e2mbio para evitar o derretimento do real, que, al\u00e9m das incertezas no mercado externo, sofre com o quadro eleitoral, que mostra o deputado Jair Bolsonaro liderando todas as pesquisas de inten\u00e7\u00e3o de votos. Ele representa o atraso na vis\u00e3o dos investidores.<\/p>\n<p>&nbsp;<\/p>\n<p>Todo o mercado est\u00e1 estressado. As taxas de juros est\u00e3o em disparada, provocando perdas aos detentores de t\u00edtulos p\u00fablicos. Para minimizar os preju\u00edzos, o Tesouro Nacional recomprar\u00e1 nesta quinta uma s\u00e9rie de pap\u00e9is. Tamb\u00e9m o BC far\u00e1 leil\u00f5es de t\u00edtulos p\u00fablicos que est\u00e3o em sua carteira. A crise est\u00e1 se agravando.<\/p>\n","protected":false},"excerpt":{"rendered":"<p>O nervosismo tomou conta do mercado financeiro na manh\u00e3 desta quinta-feira (07\/06). O d\u00f3lar abriu as negocia\u00e7\u00f5es cotado a R$ 3,90, com alta de 1,7%, e caminha c\u00e9lere em dire\u00e7\u00e3o aos R$ 4. Muitos operadores j\u00e1 falam sobre a possibilidade de o Banco Central aumentar a taxa b\u00e1sica de juros na reuni\u00e3o deste m\u00eas do [&hellip;]<\/p>\n","protected":false},"author":22,"featured_media":0,"comment_status":"open","ping_status":"closed","sticky":false,"template":"","format":"standard","meta":{"footnotes":""},"categories":[600],"tags":[],"class_list":["post-8284","post","type-post","status-publish","format-standard","hentry","category-economia"],"_links":{"self":[{"href":"https:\/\/blogs.correiobraziliense.com.br\/vicente\/wp-json\/wp\/v2\/posts\/8284","targetHints":{"allow":["GET"]}}],"collection":[{"href":"https:\/\/blogs.correiobraziliense.com.br\/vicente\/wp-json\/wp\/v2\/posts"}],"about":[{"href":"https:\/\/blogs.correiobraziliense.com.br\/vicente\/wp-json\/wp\/v2\/types\/post"}],"author":[{"embeddable":true,"href":"https:\/\/blogs.correiobraziliense.com.br\/vicente\/wp-json\/wp\/v2\/users\/22"}],"replies":[{"embeddable":true,"href":"https:\/\/blogs.correiobraziliense.com.br\/vicente\/wp-json\/wp\/v2\/comments?post=8284"}],"version-history":[{"count":4,"href":"https:\/\/blogs.correiobraziliense.com.br\/vicente\/wp-json\/wp\/v2\/posts\/8284\/revisions"}],"predecessor-version":[{"id":8288,"href":"https:\/\/blogs.correiobraziliense.com.br\/vicente\/wp-json\/wp\/v2\/posts\/8284\/revisions\/8288"}],"wp:attachment":[{"href":"https:\/\/blogs.correiobraziliense.com.br\/vicente\/wp-json\/wp\/v2\/media?parent=8284"}],"wp:term":[{"taxonomy":"category","embeddable":true,"href":"https:\/\/blogs.correiobraziliense.com.br\/vicente\/wp-json\/wp\/v2\/categories?post=8284"},{"taxonomy":"post_tag","embeddable":true,"href":"https:\/\/blogs.correiobraziliense.com.br\/vicente\/wp-json\/wp\/v2\/tags?post=8284"}],"curies":[{"name":"wp","href":"https:\/\/api.w.org\/{rel}","templated":true}]}}