{"id":8282,"date":"2018-06-05T22:06:14","date_gmt":"2018-06-06T01:06:14","guid":{"rendered":"https:\/\/blogs.correiobraziliense.com.br\/vicente\/?p=8282"},"modified":"2018-06-05T22:06:14","modified_gmt":"2018-06-06T01:06:14","slug":"locacoes-de-imoveis-pela-industria-crescem-42","status":"publish","type":"post","link":"https:\/\/blogs.correiobraziliense.com.br\/vicente\/locacoes-de-imoveis-pela-industria-crescem-42\/","title":{"rendered":"Loca\u00e7\u00f5es de im\u00f3veis pela ind\u00fastria crescem 42%"},"content":{"rendered":"<h2>O volume de novas loca\u00e7\u00f5es do mercado industrial brasileiro registrou alta de 42% no primeiro trimestre de 2018 ante o mesmo per\u00edodo do ano passado, segundo a consultoria imobili\u00e1ria JLL. Ao todo, 457 mil m\u00b2 foram ocupados, sendo que, do total, 125 mil m\u00b2 foram de movimenta\u00e7\u00f5es de empresas do setor de bens de consumo, representando crescimento de 71% para o segmento.<\/h2>\n<p>&nbsp;<\/p>\n<p>O resultado foi puxado por companhias que expandiram as opera\u00e7\u00f5es para as cidades de Extrema (MG), Cajamar (SP) e Guarulhos (SP). Os estados de S\u00e3o Paulo, Mina Gerais e Rio de Janeiro lideraram os neg\u00f3cios com mais de 80% das novas ocupa\u00e7\u00f5es industriais.<\/p>\n<p>&nbsp;<\/p>\n<p>Esses n\u00fameros demonstram uma expectativa de retomada das atividades econ\u00f4micas do consumo. A taxa de vac\u00e2ncia do setor teve sua terceira queda trimestral seguida, atingindo os 24,4%. Resta saber como ficou esse mercado depois da greve dos caminhoneiros. \u00c9 esperar para ver.<\/p>\n","protected":false},"excerpt":{"rendered":"<p>O volume de novas loca\u00e7\u00f5es do mercado industrial brasileiro registrou alta de 42% no primeiro trimestre de 2018 ante o mesmo per\u00edodo do ano passado, segundo a consultoria imobili\u00e1ria JLL. Ao todo, 457 mil m\u00b2 foram ocupados, sendo que, do total, 125 mil m\u00b2 foram de movimenta\u00e7\u00f5es de empresas do setor de bens de consumo, [&hellip;]<\/p>\n","protected":false},"author":22,"featured_media":0,"comment_status":"open","ping_status":"closed","sticky":false,"template":"","format":"standard","meta":{"footnotes":""},"categories":[600],"tags":[],"class_list":["post-8282","post","type-post","status-publish","format-standard","hentry","category-economia"],"_links":{"self":[{"href":"https:\/\/blogs.correiobraziliense.com.br\/vicente\/wp-json\/wp\/v2\/posts\/8282","targetHints":{"allow":["GET"]}}],"collection":[{"href":"https:\/\/blogs.correiobraziliense.com.br\/vicente\/wp-json\/wp\/v2\/posts"}],"about":[{"href":"https:\/\/blogs.correiobraziliense.com.br\/vicente\/wp-json\/wp\/v2\/types\/post"}],"author":[{"embeddable":true,"href":"https:\/\/blogs.correiobraziliense.com.br\/vicente\/wp-json\/wp\/v2\/users\/22"}],"replies":[{"embeddable":true,"href":"https:\/\/blogs.correiobraziliense.com.br\/vicente\/wp-json\/wp\/v2\/comments?post=8282"}],"version-history":[{"count":1,"href":"https:\/\/blogs.correiobraziliense.com.br\/vicente\/wp-json\/wp\/v2\/posts\/8282\/revisions"}],"predecessor-version":[{"id":8283,"href":"https:\/\/blogs.correiobraziliense.com.br\/vicente\/wp-json\/wp\/v2\/posts\/8282\/revisions\/8283"}],"wp:attachment":[{"href":"https:\/\/blogs.correiobraziliense.com.br\/vicente\/wp-json\/wp\/v2\/media?parent=8282"}],"wp:term":[{"taxonomy":"category","embeddable":true,"href":"https:\/\/blogs.correiobraziliense.com.br\/vicente\/wp-json\/wp\/v2\/categories?post=8282"},{"taxonomy":"post_tag","embeddable":true,"href":"https:\/\/blogs.correiobraziliense.com.br\/vicente\/wp-json\/wp\/v2\/tags?post=8282"}],"curies":[{"name":"wp","href":"https:\/\/api.w.org\/{rel}","templated":true}]}}