{"id":8279,"date":"2018-06-05T18:01:55","date_gmt":"2018-06-05T21:01:55","guid":{"rendered":"https:\/\/blogs.correiobraziliense.com.br\/vicente\/?p=8279"},"modified":"2018-06-05T18:53:29","modified_gmt":"2018-06-05T21:53:29","slug":"intervencao-do-bc-fracassa-e-dolar-atinge-r-381","status":"publish","type":"post","link":"https:\/\/blogs.correiobraziliense.com.br\/vicente\/intervencao-do-bc-fracassa-e-dolar-atinge-r-381\/","title":{"rendered":"Interven\u00e7\u00e3o do BC fracassa e d\u00f3lar atinge R$ 3,81"},"content":{"rendered":"<h2>Num dia de muito nervosismo, com os investidores de olhos nas elei\u00e7\u00f5es no Brasil e no comportamento dos juros nos Estados Unidos, o d\u00f3lar disparou e atingiu a maior cota\u00e7\u00e3o desde mar\u00e7o de 2016. A moeda norte-americana encerrou o dia valendo R$ 3,809 para venda, depois de atingir o pico de R$ 3,815. A valoriza\u00e7\u00e3o no dia foi de 1,77%.<\/h2>\n<p>&nbsp;<\/p>\n<p>Desde a abertura do mercado, o Banco Central tentou segurar, sem sucesso, o alta do d\u00f3lar. No total, o BC fez a maior interven\u00e7\u00e3o no c\u00e2mbio em mais de um ano, mas fracassou. A autoridade monet\u00e1ria\u00a0injetou US$ 1,866 bilh\u00e3o no sistema, a maior venda l\u00edquida de d\u00f3lares em um \u00fanico preg\u00e3o desde 23 de maio de 2017, quando foram colocados US$ 2 bilh\u00f5es. Naquele momento, o mercado tentava aplacar as feridas abertas pelas dela\u00e7\u00f5es dos irm\u00e3os Joesley e Wesley Batista, donos do grupo JBS, que atingiram em cheio o presidente Michel Temer e enterraram a reforma da Previd\u00eancia Social.<\/p>\n<p>&nbsp;<\/p>\n<p>O BC esteve desde cedo no mercado, por meio de sua atua\u00e7\u00e3o rotineira. Rolou os contratos de swap que estavam vencendo e ofertou outros US$ 750 milh\u00f5es. Como as cota\u00e7\u00f5es do d\u00f3lar n\u00e3o cederam, decidiu\u00a0 intervir com mais US$ 1,5 bilh\u00e3o em novos contratos, dos quais vendeu US$ 1,116 bilh\u00e3o, em dois leil\u00f5es. De nada adiantou.<\/p>\n<p>&nbsp;<\/p>\n<p>Segundo os especialistas, o mercado est\u00e1 inquieto demais. N\u00e3o bastassem as incertezas em rela\u00e7\u00e3o \u00e0s elei\u00e7\u00f5es (as pesquisas de inten\u00e7\u00e3o de votos apontam Jair Bolsonaro na lideran\u00e7a), o governo est\u00e1 criando ru\u00eddo demais com a pol\u00edtica de combust\u00edveis da Petrobras. Se houve mudan\u00e7as significativas na corre\u00e7\u00e3o de pre\u00e7os, ou a Petrobras ser\u00e1 punida ou o Tesouro Nacional ter\u00e1 que arcar com um rombo.<\/p>\n<p>&nbsp;<\/p>\n<p>&#8220;O momento \u00e9 terr\u00edvel. O mercado vinha tratando o Brasil e o governo com muita complac\u00eancia. Mas, agora, come\u00e7a a cobrar a fatura da incertezas&#8221;, diz um operador de um banco estrangeiro. Para ele, os investidores n\u00e3o est\u00e3o dispostos a dar tr\u00e9gua at\u00e9 que o horizonte se torne menos turvo.<\/p>\n<p>&nbsp;<\/p>\n<p><em>Bras\u00edlia, 18h01min<\/em><\/p>\n<p>&nbsp;<\/p>\n","protected":false},"excerpt":{"rendered":"<p>Num dia de muito nervosismo, com os investidores de olhos nas elei\u00e7\u00f5es no Brasil e no comportamento dos juros nos Estados Unidos, o d\u00f3lar disparou e atingiu a maior cota\u00e7\u00e3o desde mar\u00e7o de 2016. A moeda norte-americana encerrou o dia valendo R$ 3,809 para venda, depois de atingir o pico de R$ 3,815. A valoriza\u00e7\u00e3o [&hellip;]<\/p>\n","protected":false},"author":22,"featured_media":0,"comment_status":"open","ping_status":"closed","sticky":false,"template":"","format":"standard","meta":{"footnotes":""},"categories":[600],"tags":[],"class_list":["post-8279","post","type-post","status-publish","format-standard","hentry","category-economia"],"_links":{"self":[{"href":"https:\/\/blogs.correiobraziliense.com.br\/vicente\/wp-json\/wp\/v2\/posts\/8279","targetHints":{"allow":["GET"]}}],"collection":[{"href":"https:\/\/blogs.correiobraziliense.com.br\/vicente\/wp-json\/wp\/v2\/posts"}],"about":[{"href":"https:\/\/blogs.correiobraziliense.com.br\/vicente\/wp-json\/wp\/v2\/types\/post"}],"author":[{"embeddable":true,"href":"https:\/\/blogs.correiobraziliense.com.br\/vicente\/wp-json\/wp\/v2\/users\/22"}],"replies":[{"embeddable":true,"href":"https:\/\/blogs.correiobraziliense.com.br\/vicente\/wp-json\/wp\/v2\/comments?post=8279"}],"version-history":[{"count":2,"href":"https:\/\/blogs.correiobraziliense.com.br\/vicente\/wp-json\/wp\/v2\/posts\/8279\/revisions"}],"predecessor-version":[{"id":8281,"href":"https:\/\/blogs.correiobraziliense.com.br\/vicente\/wp-json\/wp\/v2\/posts\/8279\/revisions\/8281"}],"wp:attachment":[{"href":"https:\/\/blogs.correiobraziliense.com.br\/vicente\/wp-json\/wp\/v2\/media?parent=8279"}],"wp:term":[{"taxonomy":"category","embeddable":true,"href":"https:\/\/blogs.correiobraziliense.com.br\/vicente\/wp-json\/wp\/v2\/categories?post=8279"},{"taxonomy":"post_tag","embeddable":true,"href":"https:\/\/blogs.correiobraziliense.com.br\/vicente\/wp-json\/wp\/v2\/tags?post=8279"}],"curies":[{"name":"wp","href":"https:\/\/api.w.org\/{rel}","templated":true}]}}