{"id":8273,"date":"2018-06-05T12:28:01","date_gmt":"2018-06-05T15:28:01","guid":{"rendered":"https:\/\/blogs.correiobraziliense.com.br\/vicente\/?p=8273"},"modified":"2018-06-05T12:28:01","modified_gmt":"2018-06-05T15:28:01","slug":"bc-anuncia-intervencao-adicional-de-us-15-bilhao","status":"publish","type":"post","link":"https:\/\/blogs.correiobraziliense.com.br\/vicente\/bc-anuncia-intervencao-adicional-de-us-15-bilhao\/","title":{"rendered":"BC anuncia interven\u00e7\u00e3o adicional de US$ 1,5 bilh\u00e3o"},"content":{"rendered":"<p>POR ANTONIO TEM\u00d3TEO<\/p>\n<p>&nbsp;<\/p>\n<p>Ap\u00f3s realizar o leil\u00e3o de US$ 750 milh\u00f5es de contratos de swap cambial no in\u00edcio da manh\u00e3, o Banco Central (BC) \u00a0far\u00e1 uma interven\u00e7\u00e3o adicional de US$ 1,5 bilh\u00e3o. A medida ocorre ap\u00f3s o d\u00f3lar disparar e atingir R$ 3,80 nas primeiras horas do preg\u00e3o.<\/p>\n<p>&nbsp;<\/p>\n<p>A escalada do d\u00f3lar ocorre ap\u00f3s dados divulgados hoje mostram que em maio a taxa de desemprego nos Estados Unidos atingiu 3,75%, o menor percentual em 18 anos. O economista-chefe do Banco Fibra, Cristiano Oliveira, avaliou que os n\u00fameros mostram o aquecimento do mercado de trabalho.<span class=\"Apple-converted-space\">\u00a0<\/span><\/p>\n<p>&nbsp;<\/p>\n<p>Ele destacou que os dados do Departamento do Trabalho norte-americano mostram que a queda da taxa de desemprego \u00e9 generalizada nas v\u00e1rias regi\u00f5es do pa\u00eds e entre todos os grupos \u00e9tnicos. \u201cMantemos a expectativa de que o FED elevar\u00e1 a taxa de juros mais tr\u00eas vezes neste ano. Vale dizer que atualmente a curva de juros norte-americana atribui probabilidade inferior a 40% para este cen\u00e1rio\u201d, disse.<span class=\"Apple-converted-space\">\u00a0<\/span><\/p>\n<p>&nbsp;<\/p>\n<p>Oliveira explicou que a estima se baseia na expectativa de manuten\u00e7\u00e3o de aquecimento do mercado de trabalho, na expectativa de acelera\u00e7\u00e3o da taxa de infla\u00e7\u00e3o e na sinaliza\u00e7\u00e3o de alguns membros votantes do FOMC. \u201cNeste cen\u00e1rio vemos maior probabilidade de valoriza\u00e7\u00e3o do d\u00f3lar no mercado internacional\u201d, alertou.<span class=\"Apple-converted-space\">\u00a0<\/span><\/p>\n<p>&nbsp;<\/p>\n<p>&nbsp;<\/p>\n<p>&nbsp;<\/p>\n<p>&nbsp;<\/p>\n<p>&nbsp;<\/p>\n<p>&nbsp;<\/p>\n","protected":false},"excerpt":{"rendered":"<p>POR ANTONIO TEM\u00d3TEO &nbsp; Ap\u00f3s realizar o leil\u00e3o de US$ 750 milh\u00f5es de contratos de swap cambial no in\u00edcio da manh\u00e3, o Banco Central (BC) \u00a0far\u00e1 uma interven\u00e7\u00e3o adicional de US$ 1,5 bilh\u00e3o. A medida ocorre ap\u00f3s o d\u00f3lar disparar e atingir R$ 3,80 nas primeiras horas do preg\u00e3o. &nbsp; A escalada do d\u00f3lar ocorre [&hellip;]<\/p>\n","protected":false},"author":22,"featured_media":0,"comment_status":"open","ping_status":"closed","sticky":false,"template":"","format":"standard","meta":{"footnotes":""},"categories":[600],"tags":[],"class_list":["post-8273","post","type-post","status-publish","format-standard","hentry","category-economia"],"_links":{"self":[{"href":"https:\/\/blogs.correiobraziliense.com.br\/vicente\/wp-json\/wp\/v2\/posts\/8273","targetHints":{"allow":["GET"]}}],"collection":[{"href":"https:\/\/blogs.correiobraziliense.com.br\/vicente\/wp-json\/wp\/v2\/posts"}],"about":[{"href":"https:\/\/blogs.correiobraziliense.com.br\/vicente\/wp-json\/wp\/v2\/types\/post"}],"author":[{"embeddable":true,"href":"https:\/\/blogs.correiobraziliense.com.br\/vicente\/wp-json\/wp\/v2\/users\/22"}],"replies":[{"embeddable":true,"href":"https:\/\/blogs.correiobraziliense.com.br\/vicente\/wp-json\/wp\/v2\/comments?post=8273"}],"version-history":[{"count":1,"href":"https:\/\/blogs.correiobraziliense.com.br\/vicente\/wp-json\/wp\/v2\/posts\/8273\/revisions"}],"predecessor-version":[{"id":8274,"href":"https:\/\/blogs.correiobraziliense.com.br\/vicente\/wp-json\/wp\/v2\/posts\/8273\/revisions\/8274"}],"wp:attachment":[{"href":"https:\/\/blogs.correiobraziliense.com.br\/vicente\/wp-json\/wp\/v2\/media?parent=8273"}],"wp:term":[{"taxonomy":"category","embeddable":true,"href":"https:\/\/blogs.correiobraziliense.com.br\/vicente\/wp-json\/wp\/v2\/categories?post=8273"},{"taxonomy":"post_tag","embeddable":true,"href":"https:\/\/blogs.correiobraziliense.com.br\/vicente\/wp-json\/wp\/v2\/tags?post=8273"}],"curies":[{"name":"wp","href":"https:\/\/api.w.org\/{rel}","templated":true}]}}