{"id":8259,"date":"2018-06-01T15:15:01","date_gmt":"2018-06-01T18:15:01","guid":{"rendered":"https:\/\/blogs.correiobraziliense.com.br\/vicente\/?p=8259"},"modified":"2018-06-01T15:37:02","modified_gmt":"2018-06-01T18:37:02","slug":"quero-ver-gasolina-r-429-diz-secretario-do-gdf","status":"publish","type":"post","link":"https:\/\/blogs.correiobraziliense.com.br\/vicente\/quero-ver-gasolina-r-429-diz-secretario-do-gdf\/","title":{"rendered":"&#8220;Quero ver a gasolina a R$ 4,29&#8221;, diz secret\u00e1rio do GDF"},"content":{"rendered":"<h2>O Secret\u00e1rio de Fazenda do Distrito Federal, Wilson de Paula, diz que espera redu\u00e7\u00e3o nos pre\u00e7os da gasolina a partir da pr\u00f3xima segunda-feira (04\/06), quando passar\u00e1 a vigorar o novo valor, de R$ 4,29, para a incid\u00eancia do Imposto sobre Circula\u00e7\u00e3o de Mercadorias e Servi\u00e7os (ICMS). &#8220;Quero ver a gasolina a R$ 4,29&#8221;, diz.<\/h2>\n<p>&nbsp;<\/p>\n<p>Segundo ele, o Conselho Nacional de Pol\u00edtica Fazend\u00e1ria (Confaz) aceitou pedido da Secretaria de Fazenda do DF na \u00faltima quarta-feira (31\/05) para que fosse mantido o valor para base de c\u00e1lculo do ICMS dos combust\u00edveis anterior \u00e0 greve dos caminhoneiros, aferido em R$ 4,29, at\u00e9 que se possa avaliar o mercado sem essa vari\u00e1vel.<\/p>\n<p>&nbsp;<\/p>\n<p>Devido, por\u00e9m, ao hor\u00e1rio avan\u00e7ado, v\u00e9spera do feriado de Corpus Christi, n\u00e3o houve tempo h\u00e1bil para modificar a publica\u00e7\u00e3o programada no <em>Di\u00e1rio Oficial da Uni\u00e3o<\/em> de sexta-feira (01\/06). &#8220;A retifica\u00e7\u00e3o contendo o valor negociado pelo governo, de R$ 4,29, ser\u00e1 publicado no <em>Di\u00e1rio Oficial<\/em> na pr\u00f3xima segunda-feira (04\/06)&#8221;, ressalta o secret\u00e1rio.<\/p>\n<p>&nbsp;<\/p>\n<p>Na avalia\u00e7\u00e3o dele, a medida ajudar\u00e1 a manter o imposto mais justo para a popula\u00e7\u00e3o, j\u00e1 que n\u00e3o vai considerar a varia\u00e7\u00e3o dos \u00faltimos dias, reflexo da greve dos caminhoneiros. H\u00e1 uma enorme confus\u00e3o em torno do ICMS.<\/p>\n<p>&nbsp;<\/p>\n<p>O\u00a0Sindicato dos Combust\u00edveis do Distrito Federal (Sindicombust\u00edveis-DF), que representa os postos, informa que, como ainda est\u00e1 em vigor a tabela antiga do ICMS, com valor de refer\u00eancia de R$ 4,59, a gasolina chegou aos postos nesta sexta-feira at\u00e9 R$ 0,85 mais cara. E isso ser\u00e1 repassado aos consumidores.<\/p>\n<p>&nbsp;<\/p>\n<p>Para Wilson de Paula, os postos est\u00e3o exagerando. Independentemente de o valor de refer\u00eancia do ICMS ser R$ 4,29 ou R$ 4,59, os consumidores est\u00e3o pagando, em m\u00e9dia, R$ 4,89 por litro. Ou seja, os postos, mais uma vez, est\u00e3o metendo a m\u00e3o no bolso dos motoristas.<\/p>\n<p>&nbsp;<\/p>\n<p><em>Bras\u00edlia, 15h15min<\/em><\/p>\n","protected":false},"excerpt":{"rendered":"<p>O Secret\u00e1rio de Fazenda do Distrito Federal, Wilson de Paula, diz que espera redu\u00e7\u00e3o nos pre\u00e7os da gasolina a partir da pr\u00f3xima segunda-feira (04\/06), quando passar\u00e1 a vigorar o novo valor, de R$ 4,29, para a incid\u00eancia do Imposto sobre Circula\u00e7\u00e3o de Mercadorias e Servi\u00e7os (ICMS). &#8220;Quero ver a gasolina a R$ 4,29&#8221;, diz. &nbsp; [&hellip;]<\/p>\n","protected":false},"author":22,"featured_media":0,"comment_status":"open","ping_status":"closed","sticky":false,"template":"","format":"standard","meta":{"footnotes":""},"categories":[600],"tags":[850,268,2430,2597,390],"class_list":["post-8259","post","type-post","status-publish","format-standard","hentry","category-economia","tag-alta","tag-gasolina","tag-gdf","tag-icms","tag-precos"],"_links":{"self":[{"href":"https:\/\/blogs.correiobraziliense.com.br\/vicente\/wp-json\/wp\/v2\/posts\/8259","targetHints":{"allow":["GET"]}}],"collection":[{"href":"https:\/\/blogs.correiobraziliense.com.br\/vicente\/wp-json\/wp\/v2\/posts"}],"about":[{"href":"https:\/\/blogs.correiobraziliense.com.br\/vicente\/wp-json\/wp\/v2\/types\/post"}],"author":[{"embeddable":true,"href":"https:\/\/blogs.correiobraziliense.com.br\/vicente\/wp-json\/wp\/v2\/users\/22"}],"replies":[{"embeddable":true,"href":"https:\/\/blogs.correiobraziliense.com.br\/vicente\/wp-json\/wp\/v2\/comments?post=8259"}],"version-history":[{"count":3,"href":"https:\/\/blogs.correiobraziliense.com.br\/vicente\/wp-json\/wp\/v2\/posts\/8259\/revisions"}],"predecessor-version":[{"id":8262,"href":"https:\/\/blogs.correiobraziliense.com.br\/vicente\/wp-json\/wp\/v2\/posts\/8259\/revisions\/8262"}],"wp:attachment":[{"href":"https:\/\/blogs.correiobraziliense.com.br\/vicente\/wp-json\/wp\/v2\/media?parent=8259"}],"wp:term":[{"taxonomy":"category","embeddable":true,"href":"https:\/\/blogs.correiobraziliense.com.br\/vicente\/wp-json\/wp\/v2\/categories?post=8259"},{"taxonomy":"post_tag","embeddable":true,"href":"https:\/\/blogs.correiobraziliense.com.br\/vicente\/wp-json\/wp\/v2\/tags?post=8259"}],"curies":[{"name":"wp","href":"https:\/\/api.w.org\/{rel}","templated":true}]}}