{"id":8247,"date":"2018-06-01T12:26:57","date_gmt":"2018-06-01T15:26:57","guid":{"rendered":"https:\/\/blogs.correiobraziliense.com.br\/vicente\/?p=8247"},"modified":"2018-06-01T12:38:29","modified_gmt":"2018-06-01T15:38:29","slug":"bolsa-reabre-negocios-com-petrobras-acoes-caem-15","status":"publish","type":"post","link":"https:\/\/blogs.correiobraziliense.com.br\/vicente\/bolsa-reabre-negocios-com-petrobras-acoes-caem-15\/","title":{"rendered":"Bolsa reabre neg\u00f3cios com Petrobras. A\u00e7\u00f5es caem 15%"},"content":{"rendered":"<h2>Depois de um per\u00edodo de suspens\u00e3o dos neg\u00f3cios, a Bolsa de Valores de S\u00e3o Paulo (B3) reabriu as compras e vendas de a\u00e7\u00f5es da Petrobras. Os pre\u00e7os dos pap\u00e9is ca\u00edram, de imediato, 15%, acompanhando o comportamento das a\u00e7\u00f5es na Bolsa de Nova York.<\/h2>\n<p>&nbsp;<\/p>\n<p>Os investidores est\u00e3o at\u00f4nitos. A avalia\u00e7\u00e3o que eles fazem para a empresa \u00e9 muito ruim. Com Pedro Parente \u00e0 frente da petroleira, houve autonomia para a recupera\u00e7\u00e3o do caixa da companhia. Agora, teme-se que seja nomeado um pol\u00edtico para a presid\u00eancia da estatal.<\/p>\n<p>&nbsp;<\/p>\n<p>Em resposta ao rep\u00fadio dos investidores \u00e0 sa\u00edda de Pedro Parente da Petrobras, os investidores correram para as a\u00e7\u00f5es da BRF Foods, da qual Parente \u00e9 presidente do Conselho de Administra\u00e7\u00e3o. Os investidores apostam que ele assumir\u00e1 um cargo executivo na BRF. N\u00e3o por acaso, as a\u00e7\u00f5es da companhia subiram 15%.<\/p>\n<p>&nbsp;<\/p>\n<p><strong>Planalto busca sucessor<\/strong><\/p>\n<p>&nbsp;<\/p>\n<p>O governo est\u00e1 correndo contra o tempo para tentar reduzir o estrago provocado pela demiss\u00e3o de Pedro Parente da Petrobras. Est\u00e1 a procura de um nome de peso para substituir o executivo, apontado como grande gestor. Mas n\u00e3o ser\u00e1 f\u00e1cil encontrar algu\u00e9m t\u00e9cnico, devido \u00e0s claras interfer\u00eancias que o Pal\u00e1cio do Planalto quer fazer na pol\u00edtica de pre\u00e7os da estatal.<\/p>\n<p>&nbsp;<\/p>\n<p>Temer est\u00e1 atr\u00e1s de um executivo. Segundo assessores, j\u00e1 teria feito uma lista de nomes, mas, at\u00e9 agora, n\u00e3o houve nenhum convite formal. A estrat\u00e9gia \u00e9 fazer um convite a algu\u00e9m que n\u00e3o o recuse. Seria mais uma derrota para Temer. Por enquanto, a companhia ser\u00e1 tocada, interinamente, por um integrante da diretoria atual. O nome deve sair ainda ao longo desta sexta-feira (01\/06).<\/p>\n<p>&nbsp;<\/p>\n<p>&nbsp;<\/p>\n","protected":false},"excerpt":{"rendered":"<p>Depois de um per\u00edodo de suspens\u00e3o dos neg\u00f3cios, a Bolsa de Valores de S\u00e3o Paulo (B3) reabriu as compras e vendas de a\u00e7\u00f5es da Petrobras. Os pre\u00e7os dos pap\u00e9is ca\u00edram, de imediato, 15%, acompanhando o comportamento das a\u00e7\u00f5es na Bolsa de Nova York. &nbsp; Os investidores est\u00e3o at\u00f4nitos. A avalia\u00e7\u00e3o que eles fazem para a [&hellip;]<\/p>\n","protected":false},"author":22,"featured_media":0,"comment_status":"open","ping_status":"closed","sticky":false,"template":"","format":"standard","meta":{"footnotes":""},"categories":[600],"tags":[],"class_list":["post-8247","post","type-post","status-publish","format-standard","hentry","category-economia"],"_links":{"self":[{"href":"https:\/\/blogs.correiobraziliense.com.br\/vicente\/wp-json\/wp\/v2\/posts\/8247","targetHints":{"allow":["GET"]}}],"collection":[{"href":"https:\/\/blogs.correiobraziliense.com.br\/vicente\/wp-json\/wp\/v2\/posts"}],"about":[{"href":"https:\/\/blogs.correiobraziliense.com.br\/vicente\/wp-json\/wp\/v2\/types\/post"}],"author":[{"embeddable":true,"href":"https:\/\/blogs.correiobraziliense.com.br\/vicente\/wp-json\/wp\/v2\/users\/22"}],"replies":[{"embeddable":true,"href":"https:\/\/blogs.correiobraziliense.com.br\/vicente\/wp-json\/wp\/v2\/comments?post=8247"}],"version-history":[{"count":9,"href":"https:\/\/blogs.correiobraziliense.com.br\/vicente\/wp-json\/wp\/v2\/posts\/8247\/revisions"}],"predecessor-version":[{"id":8256,"href":"https:\/\/blogs.correiobraziliense.com.br\/vicente\/wp-json\/wp\/v2\/posts\/8247\/revisions\/8256"}],"wp:attachment":[{"href":"https:\/\/blogs.correiobraziliense.com.br\/vicente\/wp-json\/wp\/v2\/media?parent=8247"}],"wp:term":[{"taxonomy":"category","embeddable":true,"href":"https:\/\/blogs.correiobraziliense.com.br\/vicente\/wp-json\/wp\/v2\/categories?post=8247"},{"taxonomy":"post_tag","embeddable":true,"href":"https:\/\/blogs.correiobraziliense.com.br\/vicente\/wp-json\/wp\/v2\/tags?post=8247"}],"curies":[{"name":"wp","href":"https:\/\/api.w.org\/{rel}","templated":true}]}}