{"id":8238,"date":"2018-06-01T12:06:33","date_gmt":"2018-06-01T15:06:33","guid":{"rendered":"https:\/\/blogs.correiobraziliense.com.br\/vicente\/?p=8238"},"modified":"2018-06-01T12:24:26","modified_gmt":"2018-06-01T15:24:26","slug":"bolsa-suspende-negocios-com-acoes-da-petrobras-dolar-dispara","status":"publish","type":"post","link":"https:\/\/blogs.correiobraziliense.com.br\/vicente\/bolsa-suspende-negocios-com-acoes-da-petrobras-dolar-dispara\/","title":{"rendered":"Bolsa suspende neg\u00f3cios com a\u00e7\u00f5es da Petrobras. D\u00f3lar dispara"},"content":{"rendered":"<h2>Assim que o mercado foi avisado do pedido de demiss\u00e3o de Pedro Parente da presid\u00eancia da Petrobras, a Bolsa de Valores de S\u00e3o Paulo (B3) suspendeu os neg\u00f3cios com as a\u00e7\u00f5es da estatal. Na Bolsa de Nova York, o tombo foi de 16%. Os investidores est\u00e3o em p\u00e2nico. A Bolsa registra queda de quase 1%.<\/h2>\n<p>&nbsp;<\/p>\n<p>O d\u00f3lar disparou. A moeda norte-americana est\u00e1 sendo negociada a quase R$ 3,77, podendo ultrapassar os R$ 3,80 caso o governo n\u00e3o consiga nomear algu\u00e9m de peso para o lugar de Parente. A expectativa dos investidores \u00e9 grande.<\/p>\n<p>&nbsp;<\/p>\n<p>A Petrobras \u00e9 a principal empresa do pa\u00eds. Durante a greve dos caminhoneiros, a estatal chegou a perder R$ 126 bilh\u00f5es do valor de mercado. Registrou uma leve recupera\u00e7\u00e3o, mas, nesta sexta-feira (01\/06), os pre\u00e7os da a\u00e7\u00f5es v\u00e3o afundar.<\/p>\n<p>&nbsp;<\/p>\n<p><strong>Em leil\u00e3o<\/strong><\/p>\n<p>&nbsp;<\/p>\n<p>Depois de reabrir as negocia\u00e7\u00f5es com as a\u00e7\u00f5es da Petrobras, os pap\u00e9is da estatal entraram em leil\u00e3o, assim como as a\u00e7\u00f5es da BRF, empresa da qual Pedro Parente \u00e9 presidente do Conselho de Administra\u00e7\u00e3o. Esse \u00e9 um procedimento normal em dias de tanta confus\u00e3o.<\/p>\n<p>&nbsp;<\/p>\n<p>Para os investidores, com a sa\u00edda de Pedro Parente, \u00e9 poss\u00edvel que o governo voltar\u00e1 a intervir nos pre\u00e7os dos combust\u00edveis. Essa pol\u00edtica intervencionista vigorou durante o governo de Dilma Rousseff, o que resultou em preju\u00edzos de US$ 40 bilh\u00f5es \u00e0 empresa.<\/p>\n<p>&nbsp;<\/p>\n<p>Quando assumiu o comando da Petrobras, Parente adotou uma pol\u00edtica mais realista dos combust\u00edveis. Desde julho de 2017, os ajustes nos pre\u00e7os passaram a ser di\u00e1rios, acompanhando as cota\u00e7\u00f5es do petr\u00f3leo no mercado internacional e a varia\u00e7\u00e3o do d\u00f3lar. Isso recomp\u00f4s o caixa da empresa.<\/p>\n<p>&nbsp;<\/p>\n<p>Em sua carta de demiss\u00e3o, Parente disse que sua perman\u00eancia \u00e0 frente da Petrobr\u00e1s &#8220;deixou de ser positiva&#8221;. Ele foi apontado como piv\u00f4 da greve dos caminhoneiros. V\u00e1rios integrantes do governo passaram a pedir a sa\u00edda dele da companhia. Certamente, a Petrobras ficar\u00e1 menor.<\/p>\n","protected":false},"excerpt":{"rendered":"<p>Assim que o mercado foi avisado do pedido de demiss\u00e3o de Pedro Parente da presid\u00eancia da Petrobras, a Bolsa de Valores de S\u00e3o Paulo (B3) suspendeu os neg\u00f3cios com as a\u00e7\u00f5es da estatal. Na Bolsa de Nova York, o tombo foi de 16%. Os investidores est\u00e3o em p\u00e2nico. A Bolsa registra queda de quase 1%. [&hellip;]<\/p>\n","protected":false},"author":22,"featured_media":0,"comment_status":"open","ping_status":"closed","sticky":false,"template":"","format":"standard","meta":{"footnotes":""},"categories":[600],"tags":[3394,2393,22,634,228,1084],"class_list":["post-8238","post","type-post","status-publish","format-standard","hentry","category-economia","tag-acoes","tag-bolsa","tag-demissao","tag-pedro-parente","tag-petrobras","tag-suspensao"],"_links":{"self":[{"href":"https:\/\/blogs.correiobraziliense.com.br\/vicente\/wp-json\/wp\/v2\/posts\/8238","targetHints":{"allow":["GET"]}}],"collection":[{"href":"https:\/\/blogs.correiobraziliense.com.br\/vicente\/wp-json\/wp\/v2\/posts"}],"about":[{"href":"https:\/\/blogs.correiobraziliense.com.br\/vicente\/wp-json\/wp\/v2\/types\/post"}],"author":[{"embeddable":true,"href":"https:\/\/blogs.correiobraziliense.com.br\/vicente\/wp-json\/wp\/v2\/users\/22"}],"replies":[{"embeddable":true,"href":"https:\/\/blogs.correiobraziliense.com.br\/vicente\/wp-json\/wp\/v2\/comments?post=8238"}],"version-history":[{"count":7,"href":"https:\/\/blogs.correiobraziliense.com.br\/vicente\/wp-json\/wp\/v2\/posts\/8238\/revisions"}],"predecessor-version":[{"id":8246,"href":"https:\/\/blogs.correiobraziliense.com.br\/vicente\/wp-json\/wp\/v2\/posts\/8238\/revisions\/8246"}],"wp:attachment":[{"href":"https:\/\/blogs.correiobraziliense.com.br\/vicente\/wp-json\/wp\/v2\/media?parent=8238"}],"wp:term":[{"taxonomy":"category","embeddable":true,"href":"https:\/\/blogs.correiobraziliense.com.br\/vicente\/wp-json\/wp\/v2\/categories?post=8238"},{"taxonomy":"post_tag","embeddable":true,"href":"https:\/\/blogs.correiobraziliense.com.br\/vicente\/wp-json\/wp\/v2\/tags?post=8238"}],"curies":[{"name":"wp","href":"https:\/\/api.w.org\/{rel}","templated":true}]}}