{"id":8221,"date":"2018-06-01T11:25:45","date_gmt":"2018-06-01T14:25:45","guid":{"rendered":"https:\/\/blogs.correiobraziliense.com.br\/vicente\/?p=8221"},"modified":"2018-06-01T11:51:52","modified_gmt":"2018-06-01T14:51:52","slug":"pedro-parente-pede-demissao-da-petrobras","status":"publish","type":"post","link":"https:\/\/blogs.correiobraziliense.com.br\/vicente\/pedro-parente-pede-demissao-da-petrobras\/","title":{"rendered":"Pedro Parente pede demiss\u00e3o da Petrobras"},"content":{"rendered":"<h2>RODOLFO COSTA<\/h2>\n<h2><\/h2>\n<h2>Em uma conversa na manh\u00e3 desta sexta-feira (01\/06) com o presidente Michel Temer, Pedro Parente pediu demiss\u00e3o da Petrobras. Ele, que completou dois anos no cargo, vinha sendo apontado como piv\u00f4 da greve dos caminhoneiros, por causa da pol\u00edtica de pre\u00e7os da estatal.<\/h2>\n<p>&nbsp;<\/p>\n<p>Parente disse a Temer que n\u00e3o queria ser um estorvo para o governo. Ele lembrou que, quando aceitou o convite para comandar a Petrobras, o presidente lhe deu garantia de que a estatal teria liberdade para definir os pre\u00e7os dos combust\u00edveis. Agora, esse compromisso foi rompido.<\/p>\n<p>&nbsp;<\/p>\n<p>O pedido de demiss\u00e3o foi confirmado por meio de nota pela Petrobras:\u00a0\u201cA Petrobras informa que o senhor Pedro Parente pediu demiss\u00e3o do cargo de presidente da empresa na manh\u00e3 de hoje. A nomea\u00e7\u00e3o de um CEO interino ser\u00e1 examinada pelo Conselho de Administra\u00e7\u00e3o da Petrobras ao longo do dia de hoje. A composi\u00e7\u00e3o dos demais membros da diretoria executiva da companhia n\u00e3o sofrer\u00e1 qualquer altera\u00e7\u00e3o. Fatos considerados relevantes ser\u00e3o prontamente comunicados ao mercado.\u201d<\/p>\n<p>&nbsp;<\/p>\n<p>H\u00e1, dentro do governo, uma determina\u00e7\u00e3o para suspender o ajuste di\u00e1rio dos combust\u00edveis, pol\u00edtica que, segundo Parente, permitiu \u00e0 Petrobras voltar a registrar lucro depois de tr\u00eas anos seguidos de perdas. Somente no primeiro trimestre deste ano, a estatal computou ganhos de R$ 7 bilh\u00f5es.<\/p>\n<p>&nbsp;<\/p>\n<p>O maior cr\u00edtico de Parente dentro do governo \u00e9 o ministro de Minas e Energia, Moreira Franco. Tanto que ele instala, nesta sexta, um grupo de trabalho para discutir um modelo de corre\u00e7\u00e3o dos pre\u00e7os dos combust\u00edveis que impe\u00e7a que a volatilidade da cota\u00e7\u00e3o internacional do petr\u00f3leo chegue ao consumidor.<\/p>\n<p>&nbsp;<\/p>\n<p>Com a not\u00edcia da demiss\u00e3o de Parente, o mercado financeiro entrou em parafuso. A Bolsa de Valores entrou no vermelho e as negocia\u00e7\u00f5es com as a\u00e7\u00f5es da empresa foram suspensas. O d\u00f3lar encostou nos R$ 3,77. Para os investidores, o governo acabou de decretar a interven\u00e7\u00e3o na Petrobras.<\/p>\n<p>&nbsp;<\/p>\n<p>Pela pol\u00edtica de pre\u00e7os da Petrobras, os ajustes s\u00e3o feitos para cima e para baixo, de acordo com cota\u00e7\u00e3o do petr\u00f3leo no mercado internacional e a varia\u00e7\u00e3o do d\u00f3lar. Com a greve dos caminhoneiros, o governo decidiu congelar os pre\u00e7os do diesel por 60 dias. A corre\u00e7\u00e3o do combust\u00edveis ser\u00e1, agora, mensal.<\/p>\n","protected":false},"excerpt":{"rendered":"<p>RODOLFO COSTA Em uma conversa na manh\u00e3 desta sexta-feira (01\/06) com o presidente Michel Temer, Pedro Parente pediu demiss\u00e3o da Petrobras. Ele, que completou dois anos no cargo, vinha sendo apontado como piv\u00f4 da greve dos caminhoneiros, por causa da pol\u00edtica de pre\u00e7os da estatal. &nbsp; Parente disse a Temer que n\u00e3o queria ser um [&hellip;]<\/p>\n","protected":false},"author":22,"featured_media":0,"comment_status":"open","ping_status":"closed","sticky":false,"template":"","format":"standard","meta":{"footnotes":""},"categories":[600],"tags":[3390,22,634,228,390],"class_list":["post-8221","post","type-post","status-publish","format-standard","hentry","category-economia","tag-caminhoneiros","tag-demissao","tag-pedro-parente","tag-petrobras","tag-precos"],"_links":{"self":[{"href":"https:\/\/blogs.correiobraziliense.com.br\/vicente\/wp-json\/wp\/v2\/posts\/8221","targetHints":{"allow":["GET"]}}],"collection":[{"href":"https:\/\/blogs.correiobraziliense.com.br\/vicente\/wp-json\/wp\/v2\/posts"}],"about":[{"href":"https:\/\/blogs.correiobraziliense.com.br\/vicente\/wp-json\/wp\/v2\/types\/post"}],"author":[{"embeddable":true,"href":"https:\/\/blogs.correiobraziliense.com.br\/vicente\/wp-json\/wp\/v2\/users\/22"}],"replies":[{"embeddable":true,"href":"https:\/\/blogs.correiobraziliense.com.br\/vicente\/wp-json\/wp\/v2\/comments?post=8221"}],"version-history":[{"count":12,"href":"https:\/\/blogs.correiobraziliense.com.br\/vicente\/wp-json\/wp\/v2\/posts\/8221\/revisions"}],"predecessor-version":[{"id":8234,"href":"https:\/\/blogs.correiobraziliense.com.br\/vicente\/wp-json\/wp\/v2\/posts\/8221\/revisions\/8234"}],"wp:attachment":[{"href":"https:\/\/blogs.correiobraziliense.com.br\/vicente\/wp-json\/wp\/v2\/media?parent=8221"}],"wp:term":[{"taxonomy":"category","embeddable":true,"href":"https:\/\/blogs.correiobraziliense.com.br\/vicente\/wp-json\/wp\/v2\/categories?post=8221"},{"taxonomy":"post_tag","embeddable":true,"href":"https:\/\/blogs.correiobraziliense.com.br\/vicente\/wp-json\/wp\/v2\/tags?post=8221"}],"curies":[{"name":"wp","href":"https:\/\/api.w.org\/{rel}","templated":true}]}}