{"id":8215,"date":"2018-05-30T19:05:01","date_gmt":"2018-05-30T22:05:01","guid":{"rendered":"https:\/\/blogs.correiobraziliense.com.br\/vicente\/?p=8215"},"modified":"2018-05-30T19:56:53","modified_gmt":"2018-05-30T22:56:53","slug":"situacao-do-inss-e-muito-dificil-diz-novo-presidente","status":"publish","type":"post","link":"https:\/\/blogs.correiobraziliense.com.br\/vicente\/situacao-do-inss-e-muito-dificil-diz-novo-presidente\/","title":{"rendered":"&#8220;Situa\u00e7\u00e3o do INSS \u00e9 muito dif\u00edcil&#8221;, diz novo presidente"},"content":{"rendered":"<h2>Servidor p\u00fablico h\u00e1 33 anos, funcion\u00e1rio de carreira da Advocacia-Geral da Uni\u00e3o (AGU), Edison Garcia ter\u00e1 a dura miss\u00e3o de arrumar a casa no Instituto Nacional do Seguro Social (INSS). Nos \u00faltimos meses, o \u00f3rg\u00e3o, respons\u00e1vel pelo pagamento de mais de 32 milh\u00f5es de benef\u00edcios, se envolveu em s\u00e9rias den\u00fancias de corrup\u00e7\u00e3o, que culminaram com a queda de Francisco Lopes, indicado pelo PSC, do cargo.<\/h2>\n<p>&nbsp;<\/p>\n<p>&#8220;A situa\u00e7\u00e3o no INSS est\u00e1 muito dif\u00edcil&#8221;, diz Garcia. Mas, com um trabalho t\u00e9cnico e respons\u00e1vel, ele acredita que ser\u00e1 poss\u00edvel superar as dificuldades. Garcia atuava, havia quatro meses, como procurador-chefe do INSS. Portanto, sabe muito bem todos os problemas enfrentados pelo instituto.<\/p>\n<p>&nbsp;<\/p>\n<p>A escolha de Garcia para a presid\u00eancia do INSS passou por uma costura entre a Casa Civil, a AGU e o Minist\u00e9rio do Desenvolvimento Social (MDS), ao qual o instituto est\u00e1 subordinado. A op\u00e7\u00e3o foi por um t\u00e9cnico com amplo conhecimento jur\u00eddico. Garcia foi procurador da Rep\u00fablica por muito tempo e atuou na Comiss\u00e3o de Valores Mobili\u00e1rios (CVM).<\/p>\n<p>&nbsp;<\/p>\n<p>A mais recente pol\u00eamica do INSS foi o pagamento de R$ 8,8 milh\u00f5es por um contrato com\u00a0uma empresa de tecnologia, a RSX Inform\u00e1tica, com sede em um dep\u00f3sito de bebidas em Bras\u00edlia. A empresa, por determina\u00e7\u00e3o do ent\u00e3o presidente do instituto, Francisco Lopes, recebeu, antecipadamente, R$ 4,4 milh\u00f5es.<\/p>\n<p>&nbsp;<\/p>\n<p>Lopes tentou explicar o inexplic\u00e1vel. Acabou caindo logo ap\u00f3s o caso se tornar p\u00fablico. Nem mesmo o partido dele, o PSC, quis proteg\u00ea-lo. Disse que a nomea\u00e7\u00e3o de Lopes n\u00e3o havia passado pelo comando da legenda. Para n\u00e3o prolongar a crise, o presidente Michel Temer mandou demiti-lo.<\/p>\n<p>&nbsp;<\/p>\n<p><em>Bras\u00edlia, 19h05min<\/em><\/p>\n","protected":false},"excerpt":{"rendered":"<p>Servidor p\u00fablico h\u00e1 33 anos, funcion\u00e1rio de carreira da Advocacia-Geral da Uni\u00e3o (AGU), Edison Garcia ter\u00e1 a dura miss\u00e3o de arrumar a casa no Instituto Nacional do Seguro Social (INSS). Nos \u00faltimos meses, o \u00f3rg\u00e3o, respons\u00e1vel pelo pagamento de mais de 32 milh\u00f5es de benef\u00edcios, se envolveu em s\u00e9rias den\u00fancias de corrup\u00e7\u00e3o, que culminaram com [&hellip;]<\/p>\n","protected":false},"author":22,"featured_media":0,"comment_status":"open","ping_status":"closed","sticky":false,"template":"","format":"standard","meta":{"footnotes":""},"categories":[600],"tags":[255,3415,408,2652,1346],"class_list":["post-8215","post","type-post","status-publish","format-standard","hentry","category-economia","tag-corrupcao","tag-edison-garcia","tag-inss","tag-presidente","tag-servidor-publico"],"_links":{"self":[{"href":"https:\/\/blogs.correiobraziliense.com.br\/vicente\/wp-json\/wp\/v2\/posts\/8215","targetHints":{"allow":["GET"]}}],"collection":[{"href":"https:\/\/blogs.correiobraziliense.com.br\/vicente\/wp-json\/wp\/v2\/posts"}],"about":[{"href":"https:\/\/blogs.correiobraziliense.com.br\/vicente\/wp-json\/wp\/v2\/types\/post"}],"author":[{"embeddable":true,"href":"https:\/\/blogs.correiobraziliense.com.br\/vicente\/wp-json\/wp\/v2\/users\/22"}],"replies":[{"embeddable":true,"href":"https:\/\/blogs.correiobraziliense.com.br\/vicente\/wp-json\/wp\/v2\/comments?post=8215"}],"version-history":[{"count":1,"href":"https:\/\/blogs.correiobraziliense.com.br\/vicente\/wp-json\/wp\/v2\/posts\/8215\/revisions"}],"predecessor-version":[{"id":8216,"href":"https:\/\/blogs.correiobraziliense.com.br\/vicente\/wp-json\/wp\/v2\/posts\/8215\/revisions\/8216"}],"wp:attachment":[{"href":"https:\/\/blogs.correiobraziliense.com.br\/vicente\/wp-json\/wp\/v2\/media?parent=8215"}],"wp:term":[{"taxonomy":"category","embeddable":true,"href":"https:\/\/blogs.correiobraziliense.com.br\/vicente\/wp-json\/wp\/v2\/categories?post=8215"},{"taxonomy":"post_tag","embeddable":true,"href":"https:\/\/blogs.correiobraziliense.com.br\/vicente\/wp-json\/wp\/v2\/tags?post=8215"}],"curies":[{"name":"wp","href":"https:\/\/api.w.org\/{rel}","templated":true}]}}