{"id":8206,"date":"2018-05-30T11:51:08","date_gmt":"2018-05-30T14:51:08","guid":{"rendered":"https:\/\/blogs.correiobraziliense.com.br\/vicente\/?p=8206"},"modified":"2018-05-30T13:15:34","modified_gmt":"2018-05-30T16:15:34","slug":"greve-dos-caminhoneiros-pode-derrubar-pib-no-2o-tri","status":"publish","type":"post","link":"https:\/\/blogs.correiobraziliense.com.br\/vicente\/greve-dos-caminhoneiros-pode-derrubar-pib-no-2o-tri\/","title":{"rendered":"Greve dos caminhoneiros pode derrubar PIB no 2\u00ba trimestre"},"content":{"rendered":"<h2>Conhecido o resultado do Produto Interno Bruto (PIB) dos primeiros tr\u00eas meses do ano, que teve alta de 0,4%, os economistas come\u00e7am a fazer as contas do segundo trimestre, que ser\u00e1 muito prejudicado pela greve dos caminhoneiros. A perspectiva \u00e9 de que a atividade tenha queda entre 0,2% e alta de 0,2%, um baque para o saldo acumulado no ano.<\/h2>\n<p>&nbsp;<\/p>\n<p>Os especialistas lembram que, em abril, os n\u00fameros da economia foram bastante positivos. Isso dava uma vis\u00e3o de recupera\u00e7\u00e3o lenta, mas consistente, da produ\u00e7\u00e3o e do consumo. Com o levante dos caminhoneiros, por\u00e9m, o quadro se inverteu por completo. Diante dos dias de paralisa\u00e7\u00e3o j\u00e1 \u00e9 poss\u00edvel dizer que a atividade desabou.<\/p>\n<p>&nbsp;<\/p>\n<p>Na vis\u00e3o dos economistas, o PIB do segundo semestre s\u00f3 vir\u00e1 positivo se o resultado de junho for muito bom, melhor do que o de abril. Contundo, ningu\u00e9m acredita muito nisso, pois os efeitos do movimento dos transportadores de cargas ser\u00e3o sentidos ao longo da primeira semana de junho. O quadro, realmente, \u00e9 muito complicado para a economia.<\/p>\n<p>&nbsp;<\/p>\n<p>Pelos c\u00e1lculos do economista Ivo Chermont, da gestora de recursos Quantitas, o PIB pode ser positivo no segundo trimestre, com alta de 0,2%, mas, no acumulado do ano, o saldo final ficar\u00e1 muito aqu\u00e9m do previsto inicialmente. Ele fala em crescimento de apenas 1,7% em 2018.<\/p>\n<p>&nbsp;<\/p>\n<p>O governo tamb\u00e9m j\u00e1 jogou a toalha. A previs\u00e3o inicial de avan\u00e7o de 3% do PIB foi enterrada. Mesmo dos 2,5% previstos agora pelo Minist\u00e9rio da Fazenda s\u00e3o considerados fora da realidade. A aposta de parte da equipe econ\u00f4mica \u00e9 de que o incremento da atividade fique mais pr\u00f3ximo de 1,5%. Mas isso n\u00e3o ser\u00e1 dito agora, n\u00e3o oficialmente.<\/p>\n<p>&nbsp;<\/p>\n<p>O Banco Central prev\u00ea crescimento de 2,6% para este em seus documentos, mas tamb\u00e9m est\u00e1 se preparando para rever esse n\u00famero para baixo no relat\u00f3rio trimestral de infla\u00e7\u00e3o que ser\u00e1 divulgado no fim de junho. T\u00e3o logo os diretores do BC comecem a se reunir com analistas de mercado, ver\u00e3o que est\u00e3o muito atr\u00e1s da curva.<\/p>\n<p>&nbsp;<\/p>\n<p><em>Bras\u00edlia, 11h51min<\/em><\/p>\n","protected":false},"excerpt":{"rendered":"<p>Conhecido o resultado do Produto Interno Bruto (PIB) dos primeiros tr\u00eas meses do ano, que teve alta de 0,4%, os economistas come\u00e7am a fazer as contas do segundo trimestre, que ser\u00e1 muito prejudicado pela greve dos caminhoneiros. A perspectiva \u00e9 de que a atividade tenha queda entre 0,2% e alta de 0,2%, um baque para [&hellip;]<\/p>\n","protected":false},"author":22,"featured_media":0,"comment_status":"open","ping_status":"closed","sticky":false,"template":"","format":"standard","meta":{"footnotes":""},"categories":[600],"tags":[3390,113,58,2148,279,1068],"class_list":["post-8206","post","type-post","status-publish","format-standard","hentry","category-economia","tag-caminhoneiros","tag-crescimento","tag-pib","tag-primeiro-trimestre","tag-queda","tag-segundo-trimestre"],"_links":{"self":[{"href":"https:\/\/blogs.correiobraziliense.com.br\/vicente\/wp-json\/wp\/v2\/posts\/8206","targetHints":{"allow":["GET"]}}],"collection":[{"href":"https:\/\/blogs.correiobraziliense.com.br\/vicente\/wp-json\/wp\/v2\/posts"}],"about":[{"href":"https:\/\/blogs.correiobraziliense.com.br\/vicente\/wp-json\/wp\/v2\/types\/post"}],"author":[{"embeddable":true,"href":"https:\/\/blogs.correiobraziliense.com.br\/vicente\/wp-json\/wp\/v2\/users\/22"}],"replies":[{"embeddable":true,"href":"https:\/\/blogs.correiobraziliense.com.br\/vicente\/wp-json\/wp\/v2\/comments?post=8206"}],"version-history":[{"count":2,"href":"https:\/\/blogs.correiobraziliense.com.br\/vicente\/wp-json\/wp\/v2\/posts\/8206\/revisions"}],"predecessor-version":[{"id":8208,"href":"https:\/\/blogs.correiobraziliense.com.br\/vicente\/wp-json\/wp\/v2\/posts\/8206\/revisions\/8208"}],"wp:attachment":[{"href":"https:\/\/blogs.correiobraziliense.com.br\/vicente\/wp-json\/wp\/v2\/media?parent=8206"}],"wp:term":[{"taxonomy":"category","embeddable":true,"href":"https:\/\/blogs.correiobraziliense.com.br\/vicente\/wp-json\/wp\/v2\/categories?post=8206"},{"taxonomy":"post_tag","embeddable":true,"href":"https:\/\/blogs.correiobraziliense.com.br\/vicente\/wp-json\/wp\/v2\/tags?post=8206"}],"curies":[{"name":"wp","href":"https:\/\/api.w.org\/{rel}","templated":true}]}}