{"id":8200,"date":"2018-05-29T14:54:22","date_gmt":"2018-05-29T17:54:22","guid":{"rendered":"https:\/\/blogs.correiobraziliense.com.br\/vicente\/?p=8200"},"modified":"2018-05-29T14:54:22","modified_gmt":"2018-05-29T17:54:22","slug":"deficit-nas-contas-publicas-chega-r-54-bilhoes-entre-janeiro-e-abril","status":"publish","type":"post","link":"https:\/\/blogs.correiobraziliense.com.br\/vicente\/deficit-nas-contas-publicas-chega-r-54-bilhoes-entre-janeiro-e-abril\/","title":{"rendered":"Deficit fiscal chega a R$ 124,9 bilh\u00f5es nos 12 meses encerrados em abril"},"content":{"rendered":"<p>POR ANTONIO TEM\u00d3TEO<\/p>\n<p>&nbsp;<\/p>\n<p>O rombo nas contas p\u00fablicas chegou a R$ 5,4 bilh\u00f5es nos quatro primeiros meses do ano, conforme dados divulgados pelo Tesouro Nacional. Apesar do resultado negativo, somente em abril, o governo acumulou superavit de R$ 7,2 bilh\u00f5es. O saldo positivo s\u00f3 n\u00e3o foi maior porque o governo desembolsou R$ 10,7 bilh\u00f5es para custear precat\u00f3rios e o cumprimento de senten\u00e7as judiciais.<\/p>\n<p>&nbsp;<\/p>\n<p>No quarto m\u00eas do ano o rombo da Previd\u00eancia Social totalizou R$ 12,1 bilh\u00f5es e no acumulado do ano j\u00e1 chega a R$ 61,2 bilh\u00f5es. Nos \u00faltimos 12 meses, o deficit fiscal totalizou R$ 124,9 bilh\u00f5es , o equivalente a 1,84% do Produto Interno Bruto (PIB). Para o ano, a previs\u00e3o \u00e9 de uma necessidade de financiamento de R$ 152,8 bilh\u00f5es, o correspondente a 2,19% da gera\u00e7\u00e3o de riquezas no pa\u00eds.<\/p>\n<p>&nbsp;<\/p>\n<p>Na avalia\u00e7\u00e3o do Tesouro Nacional, os sucessivos deficits nas contas da Previd\u00eancia Social t\u00eam retirado espa\u00e7o para a realiza\u00e7\u00e3o de pol\u00edticas sociais e de investimentos p\u00fablicos. Para se ter uma ideia, nos \u00faltimos 12 meses encerrados em abril, o rombo da Previd\u00eancia Social e do Regime Pr\u00f3prio de Previd\u00eancia do Servidor (RPPS) totalizou R$ 282,2 bilh\u00f5es.<\/p>\n","protected":false},"excerpt":{"rendered":"<p>POR ANTONIO TEM\u00d3TEO &nbsp; O rombo nas contas p\u00fablicas chegou a R$ 5,4 bilh\u00f5es nos quatro primeiros meses do ano, conforme dados divulgados pelo Tesouro Nacional. Apesar do resultado negativo, somente em abril, o governo acumulou superavit de R$ 7,2 bilh\u00f5es. O saldo positivo s\u00f3 n\u00e3o foi maior porque o governo desembolsou R$ 10,7 bilh\u00f5es [&hellip;]<\/p>\n","protected":false},"author":22,"featured_media":0,"comment_status":"open","ping_status":"closed","sticky":false,"template":"","format":"standard","meta":{"footnotes":""},"categories":[600],"tags":[2082,968,2562,121],"class_list":["post-8200","post","type-post","status-publish","format-standard","hentry","category-economia","tag-deficit-fiscal","tag-deficit-publico","tag-rombo-nas-contas-publicas","tag-tesouro-nacional"],"_links":{"self":[{"href":"https:\/\/blogs.correiobraziliense.com.br\/vicente\/wp-json\/wp\/v2\/posts\/8200","targetHints":{"allow":["GET"]}}],"collection":[{"href":"https:\/\/blogs.correiobraziliense.com.br\/vicente\/wp-json\/wp\/v2\/posts"}],"about":[{"href":"https:\/\/blogs.correiobraziliense.com.br\/vicente\/wp-json\/wp\/v2\/types\/post"}],"author":[{"embeddable":true,"href":"https:\/\/blogs.correiobraziliense.com.br\/vicente\/wp-json\/wp\/v2\/users\/22"}],"replies":[{"embeddable":true,"href":"https:\/\/blogs.correiobraziliense.com.br\/vicente\/wp-json\/wp\/v2\/comments?post=8200"}],"version-history":[{"count":1,"href":"https:\/\/blogs.correiobraziliense.com.br\/vicente\/wp-json\/wp\/v2\/posts\/8200\/revisions"}],"predecessor-version":[{"id":8201,"href":"https:\/\/blogs.correiobraziliense.com.br\/vicente\/wp-json\/wp\/v2\/posts\/8200\/revisions\/8201"}],"wp:attachment":[{"href":"https:\/\/blogs.correiobraziliense.com.br\/vicente\/wp-json\/wp\/v2\/media?parent=8200"}],"wp:term":[{"taxonomy":"category","embeddable":true,"href":"https:\/\/blogs.correiobraziliense.com.br\/vicente\/wp-json\/wp\/v2\/categories?post=8200"},{"taxonomy":"post_tag","embeddable":true,"href":"https:\/\/blogs.correiobraziliense.com.br\/vicente\/wp-json\/wp\/v2\/tags?post=8200"}],"curies":[{"name":"wp","href":"https:\/\/api.w.org\/{rel}","templated":true}]}}