{"id":8174,"date":"2018-05-25T19:16:37","date_gmt":"2018-05-25T22:16:37","guid":{"rendered":"https:\/\/blogs.correiobraziliense.com.br\/vicente\/?p=8174"},"modified":"2018-05-25T19:16:37","modified_gmt":"2018-05-25T22:16:37","slug":"cmn-restringe-aplicacoes-de-fundos-de-pensao","status":"publish","type":"post","link":"https:\/\/blogs.correiobraziliense.com.br\/vicente\/cmn-restringe-aplicacoes-de-fundos-de-pensao\/","title":{"rendered":"CMN restringe aplica\u00e7\u00f5es de fundos de pens\u00e3o"},"content":{"rendered":"<p>ANTONIO TEM\u00d3TEO<\/p>\n<p>&nbsp;<\/p>\n<p>Os fundos de pens\u00e3o ter\u00e3o os pr\u00f3ximos 12 anos para vender os im\u00f3veis da carteira de investimentos ou criar fundos exclusivos para administrar esse patrim\u00f4nio. Al\u00e9m disso, novos investimentos em pr\u00e9dios, terrenos ou empreendimentos semelhantes s\u00f3 poder\u00e3o ser realizados por meio de fundos imobili\u00e1rios, certificados de investimento imobili\u00e1rio, ou c\u00e9dulas de cr\u00e9dito imobili\u00e1rio. A nova regra foi estabelecida por meio da resolu\u00e7\u00e3o n\u00ba 4.661, do Conselho Monet\u00e1rio Nacional (CMN), que revogou a n\u00ba 3.972, de 2009.<\/p>\n<p>&nbsp;<\/p>\n<p>O novo regramento ainda determinou que a participa\u00e7\u00e3o das entidades fechadas de previd\u00eancia complementar em investimentos imobili\u00e1rios subir\u00e1 de 8% para 20%, j\u00e1 que ser\u00e3o permitidos outros tipos de aplica\u00e7\u00f5es indiretas em im\u00f3veis, por meio dos fundos ou t\u00edtulos de d\u00edvida. A mudan\u00e7a leva em conta experi\u00eancias de insucesso de fundos de pens\u00e3o ou casos de irregularidades. A Previ, o fundo de pens\u00e3o dos Banco Brasil, acumulou preju\u00edzos com o empreendimento na Costa do Sau\u00edpe (BA) e vendeu o complexo.<\/p>\n<p>&nbsp;<\/p>\n<p>O Postalis, funda\u00e7\u00e3o dos empregados dos Correios, comprou terrenos e os revendeu com preju\u00edzo. A Funcef, dos trabalhadores da Caixa Econ\u00f4mica Federal, tem im\u00f3veis encalhados na carteira, com alto custo administrativo, que est\u00e3o desalugados e n\u00e3o conseguem ser revendidos. Outra mudan\u00e7a ocorreu nas regras para aplica\u00e7\u00e3o nos investimentos em Fundos de Investimento em Participa\u00e7\u00e3o (FIP). A participa\u00e7\u00e3o total dos ativos das funda\u00e7\u00f5es nessa classe de ativos encolheu de 20% para 15%.<\/p>\n<p>&nbsp;<\/p>\n<p>Al\u00e9m disso, as entidades fechadas de previd\u00eancia complementar s\u00f3 poder\u00e3o aplicar em FIPs classificados pela Comiss\u00e3o de Valores Mobili\u00e1rios (CVM) como \u201cEntidades para Investimento\u201d. Tamb\u00e9m ser\u00e1 exigido que o gestor do fundo tenha uma participa\u00e7\u00e3o m\u00ednima de 3% do investimento.<\/p>\n<p>&nbsp;<\/p>\n<p>A medida foi tomada para coibir irregularidades semelhantes as apuradas pela opera\u00e7\u00e3o Greenfield, em que fundos de pens\u00e3o aplicaram nesses fundos e tiveram preju\u00edzos. Em muitos casos, entravam com todo o recurso e detinham participa\u00e7\u00f5es minorit\u00e1rias. A norma ainda obriga que todos os fundos de pens\u00e3o tenham um administrador ou comit\u00ea respons\u00e1vel pela gest\u00e3o de riscos.<\/p>\n","protected":false},"excerpt":{"rendered":"<p>ANTONIO TEM\u00d3TEO &nbsp; Os fundos de pens\u00e3o ter\u00e3o os pr\u00f3ximos 12 anos para vender os im\u00f3veis da carteira de investimentos ou criar fundos exclusivos para administrar esse patrim\u00f4nio. Al\u00e9m disso, novos investimentos em pr\u00e9dios, terrenos ou empreendimentos semelhantes s\u00f3 poder\u00e3o ser realizados por meio de fundos imobili\u00e1rios, certificados de investimento imobili\u00e1rio, ou c\u00e9dulas de cr\u00e9dito [&hellip;]<\/p>\n","protected":false},"author":22,"featured_media":0,"comment_status":"open","ping_status":"closed","sticky":false,"template":"","format":"standard","meta":{"footnotes":""},"categories":[600],"tags":[2159,1200,178,1554,3162],"class_list":["post-8174","post","type-post","status-publish","format-standard","hentry","category-economia","tag-cmn","tag-fip","tag-fundos-de-pensao","tag-imoveis","tag-resolucao"],"_links":{"self":[{"href":"https:\/\/blogs.correiobraziliense.com.br\/vicente\/wp-json\/wp\/v2\/posts\/8174","targetHints":{"allow":["GET"]}}],"collection":[{"href":"https:\/\/blogs.correiobraziliense.com.br\/vicente\/wp-json\/wp\/v2\/posts"}],"about":[{"href":"https:\/\/blogs.correiobraziliense.com.br\/vicente\/wp-json\/wp\/v2\/types\/post"}],"author":[{"embeddable":true,"href":"https:\/\/blogs.correiobraziliense.com.br\/vicente\/wp-json\/wp\/v2\/users\/22"}],"replies":[{"embeddable":true,"href":"https:\/\/blogs.correiobraziliense.com.br\/vicente\/wp-json\/wp\/v2\/comments?post=8174"}],"version-history":[{"count":1,"href":"https:\/\/blogs.correiobraziliense.com.br\/vicente\/wp-json\/wp\/v2\/posts\/8174\/revisions"}],"predecessor-version":[{"id":8175,"href":"https:\/\/blogs.correiobraziliense.com.br\/vicente\/wp-json\/wp\/v2\/posts\/8174\/revisions\/8175"}],"wp:attachment":[{"href":"https:\/\/blogs.correiobraziliense.com.br\/vicente\/wp-json\/wp\/v2\/media?parent=8174"}],"wp:term":[{"taxonomy":"category","embeddable":true,"href":"https:\/\/blogs.correiobraziliense.com.br\/vicente\/wp-json\/wp\/v2\/categories?post=8174"},{"taxonomy":"post_tag","embeddable":true,"href":"https:\/\/blogs.correiobraziliense.com.br\/vicente\/wp-json\/wp\/v2\/tags?post=8174"}],"curies":[{"name":"wp","href":"https:\/\/api.w.org\/{rel}","templated":true}]}}