{"id":8171,"date":"2018-05-25T15:47:54","date_gmt":"2018-05-25T18:47:54","guid":{"rendered":"https:\/\/blogs.correiobraziliense.com.br\/vicente\/?p=8171"},"modified":"2018-05-25T15:47:54","modified_gmt":"2018-05-25T18:47:54","slug":"paralisacao-afeta-distribuicao-de-medicamentos-para-hospitais-e-farmacias","status":"publish","type":"post","link":"https:\/\/blogs.correiobraziliense.com.br\/vicente\/paralisacao-afeta-distribuicao-de-medicamentos-para-hospitais-e-farmacias\/","title":{"rendered":"Paralisa\u00e7\u00e3o afeta distribui\u00e7\u00e3o de medicamentos para hospitais e farm\u00e1cias"},"content":{"rendered":"<h2>HAMILTON FERRAI<\/h2>\n<h2>No quinto dia, a paralisa\u00e7\u00e3o dos caminhoneiros est\u00e1 prejudicando a distribui\u00e7\u00e3o de medicamentos para as farm\u00e1cias e hospitais. O Sindicato das Ind\u00fastrias de Produtos Farmac\u00eauticos no Estado de S\u00e3o Paulo (Sindusfarma) recebeu diversas mensagens de empresas associadas relatando o problema para o envio dos produtos aos clientes.<\/h2>\n<h2><\/h2>\n<p>De acordo com a entidade, o problema pode trazer consequ\u00eancias graves nos tratamentos de doen\u00e7as cr\u00f4nicas e, principalmente, agudas. \u201cUm importante laborat\u00f3rio farmac\u00eautico, por exemplo, informou que 60% da carga programada para distribui\u00e7\u00e3o esta semana est\u00e1 retida nos armaz\u00e9ns da empresa\u201d, informou a Sindusfarma.<\/p>\n<p>&nbsp;<\/p>\n<p>O presidente Michel Temer anunciou que as For\u00e7as Armadas v\u00e3o atuar para reprimir os bloqueios das vias, como foi antecipado pelo Blog. \u201cComunico que acionei as for\u00e7as federais de seguran\u00e7a para desbloquear as entradas e estou solicitando aos senhores governadores que fa\u00e7am o mesmo\u201d, declarou o chefe do Executivo.<\/p>\n<p>&nbsp;<\/p>\n<p>Temer tem demonstrado irrita\u00e7\u00e3o com o que classificou como \u201ccaminhoneiros radicais\u201d. V\u00e1rios postos de combust\u00edveis est\u00e3o desabastecido e voos sendo cancelados em v\u00e1rios aeroportos, principalmente em Bras\u00edlia. A paralisa\u00e7\u00e3o tem prejudicado v\u00e1rios servi\u00e7os e aulas em universidades.<\/p>\n<p>&nbsp;<\/p>\n<p>A Pol\u00edcia Federal est\u00e1 investigando se os empres\u00e1rios est\u00e3o por tr\u00e1s das manifesta\u00e7\u00f5es para os interesses mercadol\u00f3gicos, o chamado locaute. O governo assinou um acordo ontem com entidades para interromper a paralisa\u00e7\u00e3o por 30 dias. Mesmo assim, os bloqueios nas vias continuam.<\/p>\n<p>&nbsp;<\/p>\n<p><em>Bras\u00edlia, 15h44min<\/em><\/p>\n","protected":false},"excerpt":{"rendered":"<p>HAMILTON FERRAI No quinto dia, a paralisa\u00e7\u00e3o dos caminhoneiros est\u00e1 prejudicando a distribui\u00e7\u00e3o de medicamentos para as farm\u00e1cias e hospitais. O Sindicato das Ind\u00fastrias de Produtos Farmac\u00eauticos no Estado de S\u00e3o Paulo (Sindusfarma) recebeu diversas mensagens de empresas associadas relatando o problema para o envio dos produtos aos clientes. De acordo com a entidade, o [&hellip;]<\/p>\n","protected":false},"author":22,"featured_media":0,"comment_status":"open","ping_status":"closed","sticky":false,"template":"","format":"standard","meta":{"footnotes":""},"categories":[600],"tags":[3390,3405,353,3404],"class_list":["post-8171","post","type-post","status-publish","format-standard","hentry","category-economia","tag-caminhoneiros","tag-medicamento","tag-paralisacao","tag-sindusfarma"],"_links":{"self":[{"href":"https:\/\/blogs.correiobraziliense.com.br\/vicente\/wp-json\/wp\/v2\/posts\/8171","targetHints":{"allow":["GET"]}}],"collection":[{"href":"https:\/\/blogs.correiobraziliense.com.br\/vicente\/wp-json\/wp\/v2\/posts"}],"about":[{"href":"https:\/\/blogs.correiobraziliense.com.br\/vicente\/wp-json\/wp\/v2\/types\/post"}],"author":[{"embeddable":true,"href":"https:\/\/blogs.correiobraziliense.com.br\/vicente\/wp-json\/wp\/v2\/users\/22"}],"replies":[{"embeddable":true,"href":"https:\/\/blogs.correiobraziliense.com.br\/vicente\/wp-json\/wp\/v2\/comments?post=8171"}],"version-history":[{"count":2,"href":"https:\/\/blogs.correiobraziliense.com.br\/vicente\/wp-json\/wp\/v2\/posts\/8171\/revisions"}],"predecessor-version":[{"id":8173,"href":"https:\/\/blogs.correiobraziliense.com.br\/vicente\/wp-json\/wp\/v2\/posts\/8171\/revisions\/8173"}],"wp:attachment":[{"href":"https:\/\/blogs.correiobraziliense.com.br\/vicente\/wp-json\/wp\/v2\/media?parent=8171"}],"wp:term":[{"taxonomy":"category","embeddable":true,"href":"https:\/\/blogs.correiobraziliense.com.br\/vicente\/wp-json\/wp\/v2\/categories?post=8171"},{"taxonomy":"post_tag","embeddable":true,"href":"https:\/\/blogs.correiobraziliense.com.br\/vicente\/wp-json\/wp\/v2\/tags?post=8171"}],"curies":[{"name":"wp","href":"https:\/\/api.w.org\/{rel}","templated":true}]}}