{"id":8159,"date":"2018-05-25T13:36:34","date_gmt":"2018-05-25T16:36:34","guid":{"rendered":"https:\/\/blogs.correiobraziliense.com.br\/vicente\/?p=8159"},"modified":"2018-05-25T14:03:39","modified_gmt":"2018-05-25T17:03:39","slug":"temer-contra-caminhoneiros-radicais-as-forcas-federais-de-seguranca","status":"publish","type":"post","link":"https:\/\/blogs.correiobraziliense.com.br\/vicente\/temer-contra-caminhoneiros-radicais-as-forcas-federais-de-seguranca\/","title":{"rendered":"Temer: &#8220;Contra caminhoneiros radicais, as for\u00e7as federais de seguran\u00e7a&#8221;"},"content":{"rendered":"<h2>O presidente Michel Temer n\u00e3o escondeu a sua irrita\u00e7\u00e3o em rela\u00e7\u00e3o \u00e0 greve dos caminhoneiro, que est\u00e1 provocando enormes transtornos \u00e0 popula\u00e7\u00e3o. Em pronunciamento nesta sexta-feira (25\/05), ele anunciou o uso das for\u00e7as de seguran\u00e7a federais para desobstruir as estradas, fechamento que seria comandado por &#8220;radicais&#8221;.<\/h2>\n<p>&nbsp;<\/p>\n<p>Temer afirmou que o governo cedeu na maior parte dos pleitos encaminhados pelos caminhoneiros, mas um grupo n\u00e3o est\u00e1 cumprindo o acordo, que passa pela libera\u00e7\u00e3o imediata das estradas. Os bloqueios est\u00e3o provocando desabastecimentos de alimentos e de combust\u00edveis, prejudicando hospitais e levando escolas a suspenderem aulas e aeroportos a cancelarem voos.<\/p>\n<p>&nbsp;<\/p>\n<p>Est\u00e3o sendo acionadas as For\u00e7as Armadas, a Pol\u00edcia Federal e a Pol\u00edcia Rodovi\u00e1ria Federal. Temer pediu aos governadores que tamb\u00e9m coloquem a Pol\u00edcia Militar para refor\u00e7ar as opera\u00e7\u00f5es de libera\u00e7\u00e3o das estradas. &#8220;Tivemos a coragem de negociar. Agora, teremos a coragem de usar as for\u00e7as de seguran\u00e7a&#8221;, avisou. &#8220;N\u00e3o vamos permitir que a popula\u00e7\u00e3o fique sem produtos de primeira necessidade. N\u00e3o vamos permitir que consumidores fiquem sem produtos. N\u00e3o vamos permitir que crian\u00e7as fiquem sem escolas. Vamos garantir o abastecimento. Vamos garantir a livre circula\u00e7\u00e3o&#8221;, enfatizou.<\/p>\n<p>&nbsp;<\/p>\n<p>Temer ressaltou que a grande maioria dos caminhoneiros cumpriu o acertado com o governo. Por\u00e9m, um grupo pequeno, mas radical, mant\u00e9m estradas de 25 estados e do Distrito Federal fechadas, deixando a popula\u00e7\u00e3o em p\u00e2nico e prejudicando o tr\u00e2nsito de mercadorias e impedindo a produ\u00e7\u00e3o.<\/p>\n<p>&nbsp;<\/p>\n<p>O presidente listou uma s\u00e9rie de concess\u00f5es feitas aos caminhoneiros: redu\u00e7\u00e3o de 10% no pre\u00e7o do diesel, corre\u00e7\u00e3o do pre\u00e7o do combust\u00edvel a cada 30 dias para dar previsibilidade aos motoristas, garantia de que 30% dos caminhoneiros independentes transportem cargas da Conab e redu\u00e7\u00e3o a zero da Cide que incide sobre o diesel. Algumas dessas medidas foram acertadas com o Congresso, que precisa avaliz\u00e1-las.<\/p>\n<p>&nbsp;<\/p>\n<p>Como, apesar dessas concess\u00f5es, a greve continua, provocando o caos pelo pa\u00eds, Temer disse &#8220;que implantou um plano de seguran\u00e7a federal&#8221; para restabelecer a ordem. &#8220;Quem bloqueia estradas age de maneira radical e ser\u00e1 responsabilizado&#8221;, afirmou, pois atos como esses prejudicam a popula\u00e7\u00e3o.<\/p>\n<p>&nbsp;<\/p>\n<p>Temer ressaltou que confia que cada caminhoneiro cumpra a sua parte no acordo fechado com o governo, porque ele ter\u00e1 a coragem de fazer o que for necess\u00e1rio para retomar o controle da situa\u00e7\u00e3o e de exercer a sua autoridade em defesa do povo.<\/p>\n<p>&nbsp;<\/p>\n<p><em>Bras\u00edlia, 13h36min<\/em><\/p>\n","protected":false},"excerpt":{"rendered":"<p>O presidente Michel Temer n\u00e3o escondeu a sua irrita\u00e7\u00e3o em rela\u00e7\u00e3o \u00e0 greve dos caminhoneiro, que est\u00e1 provocando enormes transtornos \u00e0 popula\u00e7\u00e3o. Em pronunciamento nesta sexta-feira (25\/05), ele anunciou o uso das for\u00e7as de seguran\u00e7a federais para desobstruir as estradas, fechamento que seria comandado por &#8220;radicais&#8221;. &nbsp; Temer afirmou que o governo cedeu na maior [&hellip;]<\/p>\n","protected":false},"author":22,"featured_media":0,"comment_status":"open","ping_status":"closed","sticky":false,"template":"","format":"standard","meta":{"footnotes":""},"categories":[600],"tags":[3390,3403,3146,1592,3402,125],"class_list":["post-8159","post","type-post","status-publish","format-standard","hentry","category-economia","tag-caminhoneiros","tag-desbloqueio","tag-estradas","tag-forcas-armadas","tag-radicais","tag-temer"],"_links":{"self":[{"href":"https:\/\/blogs.correiobraziliense.com.br\/vicente\/wp-json\/wp\/v2\/posts\/8159","targetHints":{"allow":["GET"]}}],"collection":[{"href":"https:\/\/blogs.correiobraziliense.com.br\/vicente\/wp-json\/wp\/v2\/posts"}],"about":[{"href":"https:\/\/blogs.correiobraziliense.com.br\/vicente\/wp-json\/wp\/v2\/types\/post"}],"author":[{"embeddable":true,"href":"https:\/\/blogs.correiobraziliense.com.br\/vicente\/wp-json\/wp\/v2\/users\/22"}],"replies":[{"embeddable":true,"href":"https:\/\/blogs.correiobraziliense.com.br\/vicente\/wp-json\/wp\/v2\/comments?post=8159"}],"version-history":[{"count":11,"href":"https:\/\/blogs.correiobraziliense.com.br\/vicente\/wp-json\/wp\/v2\/posts\/8159\/revisions"}],"predecessor-version":[{"id":8170,"href":"https:\/\/blogs.correiobraziliense.com.br\/vicente\/wp-json\/wp\/v2\/posts\/8159\/revisions\/8170"}],"wp:attachment":[{"href":"https:\/\/blogs.correiobraziliense.com.br\/vicente\/wp-json\/wp\/v2\/media?parent=8159"}],"wp:term":[{"taxonomy":"category","embeddable":true,"href":"https:\/\/blogs.correiobraziliense.com.br\/vicente\/wp-json\/wp\/v2\/categories?post=8159"},{"taxonomy":"post_tag","embeddable":true,"href":"https:\/\/blogs.correiobraziliense.com.br\/vicente\/wp-json\/wp\/v2\/tags?post=8159"}],"curies":[{"name":"wp","href":"https:\/\/api.w.org\/{rel}","templated":true}]}}