{"id":8154,"date":"2018-05-25T12:02:45","date_gmt":"2018-05-25T15:02:45","guid":{"rendered":"https:\/\/blogs.correiobraziliense.com.br\/vicente\/?p=8154"},"modified":"2018-05-25T13:22:37","modified_gmt":"2018-05-25T16:22:37","slug":"policia-federal-vai-reforcar-operacao-para-liberacao-de-estradas","status":"publish","type":"post","link":"https:\/\/blogs.correiobraziliense.com.br\/vicente\/policia-federal-vai-reforcar-operacao-para-liberacao-de-estradas\/","title":{"rendered":"Pol\u00edcia Federal vai refor\u00e7ar opera\u00e7\u00e3o para libera\u00e7\u00e3o de estradas"},"content":{"rendered":"<h2>Al\u00e9m das For\u00e7as Armadas, o presidente Michel Temer colocar\u00e1 nas ruas a Pol\u00edcia Federal e a Pol\u00edcia Rodovi\u00e1ria Federal para\u00a0 desobstruir as estradas. Mesmo depois de um acordo com o governo, caminheiros continuam fechando rodovias de 25 estados e do Distrito Federal. A determina\u00e7\u00e3o do presidente \u00e9 de que se restabele\u00e7a a ordem no pa\u00eds.<\/h2>\n<p>&nbsp;<\/p>\n<p>No quinto dia de paralisa\u00e7\u00e3o dos caminhoneiros, a situa\u00e7\u00e3o em v\u00e1rias cidades \u00e9 dram\u00e1tica. No Distrito Federal, o estoque de combust\u00edveis deve acabar por volta das 16h desta sexta-feira (25\/05. No aeroporto da capital do pa\u00eds, v\u00e1rios voos foram cancelados pois, h\u00e1 quase 24 horas, n\u00e3o h\u00e1 abastecimento de querosene de avia\u00e7\u00e3o. A prefeitura de S\u00e3o Paulo decretou estado de emerg\u00eancia.<\/p>\n<p>&nbsp;<\/p>\n<p>Temer deve fazer um pronunciamento para comunicar o refor\u00e7o da seguran\u00e7a nas estradas. Homens do Ex\u00e9rcito j\u00e1 foram colocados em prontid\u00e3o, segundo dois generais consultados pelo <strong>Blog<\/strong>. S\u00f3 est\u00e3o esperando o sinal verde do Pal\u00e1cio do Planalto. A press\u00e3o \u00e9 enorme para que o governo endure\u00e7a o discurso contra os caminhoneiros.<\/p>\n<p>&nbsp;<\/p>\n<p>Para o presidente, \u00e9 inaceit\u00e1vel que o governo tenha feito tantas concess\u00f5es aos caminhoneiros, como a redu\u00e7\u00e3o de 10% no pre\u00e7o do diesel, que ficar\u00e1 congelado por 15 dias, e a greve continue, causando tantas transtornos \u00e0 popula\u00e7\u00e3o.<\/p>\n","protected":false},"excerpt":{"rendered":"<p>Al\u00e9m das For\u00e7as Armadas, o presidente Michel Temer colocar\u00e1 nas ruas a Pol\u00edcia Federal e a Pol\u00edcia Rodovi\u00e1ria Federal para\u00a0 desobstruir as estradas. Mesmo depois de um acordo com o governo, caminheiros continuam fechando rodovias de 25 estados e do Distrito Federal. A determina\u00e7\u00e3o do presidente \u00e9 de que se restabele\u00e7a a ordem no pa\u00eds. [&hellip;]<\/p>\n","protected":false},"author":22,"featured_media":0,"comment_status":"open","ping_status":"closed","sticky":false,"template":"","format":"standard","meta":{"footnotes":""},"categories":[600],"tags":[],"class_list":["post-8154","post","type-post","status-publish","format-standard","hentry","category-economia"],"_links":{"self":[{"href":"https:\/\/blogs.correiobraziliense.com.br\/vicente\/wp-json\/wp\/v2\/posts\/8154","targetHints":{"allow":["GET"]}}],"collection":[{"href":"https:\/\/blogs.correiobraziliense.com.br\/vicente\/wp-json\/wp\/v2\/posts"}],"about":[{"href":"https:\/\/blogs.correiobraziliense.com.br\/vicente\/wp-json\/wp\/v2\/types\/post"}],"author":[{"embeddable":true,"href":"https:\/\/blogs.correiobraziliense.com.br\/vicente\/wp-json\/wp\/v2\/users\/22"}],"replies":[{"embeddable":true,"href":"https:\/\/blogs.correiobraziliense.com.br\/vicente\/wp-json\/wp\/v2\/comments?post=8154"}],"version-history":[{"count":4,"href":"https:\/\/blogs.correiobraziliense.com.br\/vicente\/wp-json\/wp\/v2\/posts\/8154\/revisions"}],"predecessor-version":[{"id":8158,"href":"https:\/\/blogs.correiobraziliense.com.br\/vicente\/wp-json\/wp\/v2\/posts\/8154\/revisions\/8158"}],"wp:attachment":[{"href":"https:\/\/blogs.correiobraziliense.com.br\/vicente\/wp-json\/wp\/v2\/media?parent=8154"}],"wp:term":[{"taxonomy":"category","embeddable":true,"href":"https:\/\/blogs.correiobraziliense.com.br\/vicente\/wp-json\/wp\/v2\/categories?post=8154"},{"taxonomy":"post_tag","embeddable":true,"href":"https:\/\/blogs.correiobraziliense.com.br\/vicente\/wp-json\/wp\/v2\/tags?post=8154"}],"curies":[{"name":"wp","href":"https:\/\/api.w.org\/{rel}","templated":true}]}}