{"id":8122,"date":"2018-05-24T16:24:33","date_gmt":"2018-05-24T19:24:33","guid":{"rendered":"https:\/\/blogs.correiobraziliense.com.br\/vicente\/?p=8122"},"modified":"2018-05-27T19:33:28","modified_gmt":"2018-05-27T22:33:28","slug":"o-pros-avanca-sobre-o-comando-do-icmbio","status":"publish","type":"post","link":"https:\/\/blogs.correiobraziliense.com.br\/vicente\/o-pros-avanca-sobre-o-comando-do-icmbio\/","title":{"rendered":"O Pros avan\u00e7a sobre o comando do ICMBio"},"content":{"rendered":"<h2>Cairo Tavares, 31 anos, \u00e9 a nova tentativa do Pros para abocanhar a Presid\u00eancia do Instituto Chico Mendes de Biodiversidade (ICMBio), respons\u00e1vel pelos parques nacionais. Ele \u00e9 diretor t\u00e9cnico da Funda\u00e7\u00e3o Ordem Social, ligada ao partido. Hoje, esteve na sede do \u00f3rg\u00e3o e se reuniu com diretores.<\/h2>\n<p>&nbsp;<\/p>\n<p><a href=\"https:\/\/blogs.correiobraziliense.com.br\/vicente\/wp-content\/uploads\/sites\/16\/2018\/05\/ICMBio.jpg\" rel=\"attachment wp-att-8188\"><img loading=\"lazy\" decoding=\"async\" class=\"alignnone size-large wp-image-8188\" src=\"https:\/\/blogs.correiobraziliense.com.br\/vicente\/wp-content\/uploads\/sites\/16\/2018\/05\/ICMBio-576x1024.jpg\" alt=\"ICMBio\" width=\"576\" height=\"1024\" srcset=\"https:\/\/blogs.correiobraziliense.com.br\/vicente\/wp-content\/uploads\/sites\/16\/2018\/05\/ICMBio-576x1024.jpg 576w, https:\/\/blogs.correiobraziliense.com.br\/vicente\/wp-content\/uploads\/sites\/16\/2018\/05\/ICMBio-169x300.jpg 169w, https:\/\/blogs.correiobraziliense.com.br\/vicente\/wp-content\/uploads\/sites\/16\/2018\/05\/ICMBio-197x350.jpg 197w, https:\/\/blogs.correiobraziliense.com.br\/vicente\/wp-content\/uploads\/sites\/16\/2018\/05\/ICMBio-550x978.jpg 550w, https:\/\/blogs.correiobraziliense.com.br\/vicente\/wp-content\/uploads\/sites\/16\/2018\/05\/ICMBio-230x409.jpg 230w, https:\/\/blogs.correiobraziliense.com.br\/vicente\/wp-content\/uploads\/sites\/16\/2018\/05\/ICMBio.jpg 720w\" sizes=\"auto, (max-width: 576px) 100vw, 576px\" \/><\/a><\/p>\n<p>&nbsp;<\/p>\n<p>O ICMBio \u00e9 a cota do partido por compor a base do governo no esfor\u00e7o do Pal\u00e1cio do Planalto para conservar o apoio que ainda lhe resta no Congresso. A tentativa anterior, de nomear um ruralista para o cargo, foi recha\u00e7ada por funcion\u00e1rios e pela bancada ambientalista na C\u00e2mara.<\/p>\n<p>&nbsp;<\/p>\n<p>Tavares, filiado ao diret\u00f3rio de Valpara\u00edso, no Entorno, \u00e9 formado em ci\u00eancia pol\u00edtica pela UDF e j\u00e1 trabalhou como assessor da lideran\u00e7a do Pros na C\u00e2mara. N\u00e3o consta que tenha experi\u00eancia na \u00e1rea ambiental. Funcion\u00e1rios do ICMBio prometem voltar a protestar contra a barganha pol\u00edtica envolvendo o \u00f3rg\u00e3o.<\/p>\n<p>&nbsp;<\/p>\n<p>O ICMBio se tornou atraente depois da aprova\u00e7\u00e3o da lei que permite a transforma\u00e7\u00e3o de multas ambientais em projetos de compensa\u00e7\u00e3o. Isso d\u00e1 \u00e0 diretoria do \u00f3rg\u00e3o o poder de negociar e aprovar projetos no valor de R$ 1,2 bilh\u00e3o a serem promovidos ou contratados por empresas que teriam de pagar multas.<\/p>\n<p>&nbsp;<\/p>\n<p>O deputado Sarney Filho (PV-MA), ex-ministro do Meio Ambiente e integrante da bancada da \u00e1rea, participou da negocia\u00e7\u00e3o que levou o Pros a ficar com o ICMBio.<\/p>\n","protected":false},"excerpt":{"rendered":"<p>Cairo Tavares, 31 anos, \u00e9 a nova tentativa do Pros para abocanhar a Presid\u00eancia do Instituto Chico Mendes de Biodiversidade (ICMBio), respons\u00e1vel pelos parques nacionais. Ele \u00e9 diretor t\u00e9cnico da Funda\u00e7\u00e3o Ordem Social, ligada ao partido. Hoje, esteve na sede do \u00f3rg\u00e3o e se reuniu com diretores. &nbsp; &nbsp; O ICMBio \u00e9 a cota do [&hellip;]<\/p>\n","protected":false},"author":22,"featured_media":0,"comment_status":"open","ping_status":"closed","sticky":false,"template":"","format":"standard","meta":{"footnotes":""},"categories":[600],"tags":[3395,1226,3356,3032,3358,3396],"class_list":["post-8122","post","type-post","status-publish","format-standard","hentry","category-economia","tag-cairo-tavares","tag-comando","tag-icmbio","tag-nomeacao","tag-pros","tag-ruralista"],"_links":{"self":[{"href":"https:\/\/blogs.correiobraziliense.com.br\/vicente\/wp-json\/wp\/v2\/posts\/8122","targetHints":{"allow":["GET"]}}],"collection":[{"href":"https:\/\/blogs.correiobraziliense.com.br\/vicente\/wp-json\/wp\/v2\/posts"}],"about":[{"href":"https:\/\/blogs.correiobraziliense.com.br\/vicente\/wp-json\/wp\/v2\/types\/post"}],"author":[{"embeddable":true,"href":"https:\/\/blogs.correiobraziliense.com.br\/vicente\/wp-json\/wp\/v2\/users\/22"}],"replies":[{"embeddable":true,"href":"https:\/\/blogs.correiobraziliense.com.br\/vicente\/wp-json\/wp\/v2\/comments?post=8122"}],"version-history":[{"count":2,"href":"https:\/\/blogs.correiobraziliense.com.br\/vicente\/wp-json\/wp\/v2\/posts\/8122\/revisions"}],"predecessor-version":[{"id":8189,"href":"https:\/\/blogs.correiobraziliense.com.br\/vicente\/wp-json\/wp\/v2\/posts\/8122\/revisions\/8189"}],"wp:attachment":[{"href":"https:\/\/blogs.correiobraziliense.com.br\/vicente\/wp-json\/wp\/v2\/media?parent=8122"}],"wp:term":[{"taxonomy":"category","embeddable":true,"href":"https:\/\/blogs.correiobraziliense.com.br\/vicente\/wp-json\/wp\/v2\/categories?post=8122"},{"taxonomy":"post_tag","embeddable":true,"href":"https:\/\/blogs.correiobraziliense.com.br\/vicente\/wp-json\/wp\/v2\/tags?post=8122"}],"curies":[{"name":"wp","href":"https:\/\/api.w.org\/{rel}","templated":true}]}}